{"id":173776,"date":"2016-02-06T00:54:07","date_gmt":"2016-02-05T23:54:07","guid":{"rendered":"http:\/\/www.radioluna.it\/news\/?p=173776"},"modified":"2016-02-06T06:58:19","modified_gmt":"2016-02-06T05:58:19","slug":"daspo-a-un-tifoso-potra-tornare-allo-stadio-tra-32-anni","status":"publish","type":"post","link":"https:\/\/www.radioluna.it\/news\/2016\/02\/daspo-a-un-tifoso-potra-tornare-allo-stadio-tra-32-anni\/","title":{"rendered":"Daspo a un tifoso, potr\u00e0 tornare allo stadio tra 32 anni"},"content":{"rendered":"<div id=\"fb-root\"><\/div>\n<p><a href=\"http:\/\/www.radioluna.it\/news\/wp-content\/uploads\/2016\/02\/Polizia-Celerini-allassalto.jpg\"><img loading=\"lazy\" decoding=\"async\" class=\"aligncenter size-full wp-image-173777\" src=\"http:\/\/www.radioluna.it\/news\/wp-content\/uploads\/2016\/02\/Polizia-Celerini-allassalto.jpg\" alt=\"Polizia - Celerini all'assalto\" width=\"541\" height=\"338\" srcset=\"https:\/\/www.radioluna.it\/news\/wp-content\/uploads\/2016\/02\/Polizia-Celerini-allassalto.jpg 541w, https:\/\/www.radioluna.it\/news\/wp-content\/uploads\/2016\/02\/Polizia-Celerini-allassalto-500x312.jpg 500w, https:\/\/www.radioluna.it\/news\/wp-content\/uploads\/2016\/02\/Polizia-Celerini-allassalto-300x187.jpg 300w\" sizes=\"auto, (max-width: 541px) 100vw, 541px\" \/><\/a><\/p>\n<p style=\"text-align: justify;\">LATINA- La prossima partita della sua squadra del cuore la potr\u00e0 vedere tra 32 anni e da ieri \u00e8 in carcere. Gli agenti della Digos e della Squadra Mobile di Latina hanno arrestato un tifoso di 30 anni della Juve Stabia, squadra che milita nel campionato di Lega Pro, ma che \u00e8 residente a Latina. F.D.V., queste le sue inizialiha violato cos\u00ec tante volte il divieto di accedere alle manifestazioni sportive, a cui era sottoposto che alla fine dovr\u00e0 scontare un cumulo pene detentive di sei anni e otto mesi. La misura restrittiva \u00e8 stata emessa dal Tribunale di Torre Annunziata in provincia di Napoli e il provvedimento \u00e8 stato notificato dagli investigatori pontini che lo hanno arrestato a Camposano in provincia di Napoli dove si trovava in un alloggio di fortuna. Il primo Daspo per F.D.V. \u00e8 stato emesso nel 2007 dal Questore di Napoli e l&#8217;uomo oltre ad aver violato gli obblighi di firma pi\u00f9 volte non ha rispettato il provvedimento. Oltre al carcere per lui c&#8217;\u00e8 anche una multa di 15433 euro.<\/p>\n<p style=\"text-align: justify;\">\n<p>&nbsp;<\/p>\n","protected":false},"excerpt":{"rendered":"<p>LATINA- La prossima partita della sua squadra del cuore la potr\u00e0 vedere tra 32 anni e da ieri \u00e8 in carcere. Gli agenti della Digos e della Squadra Mobile di Latina hanno arrestato un tifoso di 30 anni della Juve Stabia, squadra che milita nel campionato di Lega Pro, ma che \u00e8 residente a Latina. [&hellip;]<\/p>\n","protected":false},"author":60,"featured_media":173777,"comment_status":"open","ping_status":"closed","sticky":false,"template":"","format":"standard","meta":{"footnotes":""},"categories":[7],"tags":[],"class_list":["post-173776","post","type-post","status-publish","format-standard","has-post-thumbnail","hentry","category-cronaca"],"_links":{"self":[{"href":"https:\/\/www.radioluna.it\/news\/wp-json\/wp\/v2\/posts\/173776","targetHints":{"allow":["GET"]}}],"collection":[{"href":"https:\/\/www.radioluna.it\/news\/wp-json\/wp\/v2\/posts"}],"about":[{"href":"https:\/\/www.radioluna.it\/news\/wp-json\/wp\/v2\/types\/post"}],"author":[{"embeddable":true,"href":"https:\/\/www.radioluna.it\/news\/wp-json\/wp\/v2\/users\/60"}],"replies":[{"embeddable":true,"href":"https:\/\/www.radioluna.it\/news\/wp-json\/wp\/v2\/comments?post=173776"}],"version-history":[{"count":0,"href":"https:\/\/www.radioluna.it\/news\/wp-json\/wp\/v2\/posts\/173776\/revisions"}],"wp:featuredmedia":[{"embeddable":true,"href":"https:\/\/www.radioluna.it\/news\/wp-json\/wp\/v2\/media\/173777"}],"wp:attachment":[{"href":"https:\/\/www.radioluna.it\/news\/wp-json\/wp\/v2\/media?parent=173776"}],"wp:term":[{"taxonomy":"category","embeddable":true,"href":"https:\/\/www.radioluna.it\/news\/wp-json\/wp\/v2\/categories?post=173776"},{"taxonomy":"post_tag","embeddable":true,"href":"https:\/\/www.radioluna.it\/news\/wp-json\/wp\/v2\/tags?post=173776"}],"curies":[{"name":"wp","href":"https:\/\/api.w.org\/{rel}","templated":true}]}}