{"id":173801,"date":"2016-02-06T16:17:12","date_gmt":"2016-02-06T15:17:12","guid":{"rendered":"http:\/\/www.radioluna.it\/news\/?p=173801"},"modified":"2016-02-06T21:45:34","modified_gmt":"2016-02-06T20:45:34","slug":"voleva-incendiare-casa-della-madre-14enne-arrestata","status":"publish","type":"post","link":"https:\/\/www.radioluna.it\/news\/2016\/02\/voleva-incendiare-casa-della-madre-14enne-arrestata\/","title":{"rendered":"Voleva incendiare casa della madre, 14enne arrestata"},"content":{"rendered":"<div id=\"fb-root\"><\/div>\n<p><a href=\"http:\/\/www.radioluna.it\/news\/wp-content\/uploads\/2015\/09\/CARABINIERI-GENERICA-ANTONIO.jpg\"><img loading=\"lazy\" decoding=\"async\" class=\"aligncenter size-thumbnail wp-image-169186\" src=\"http:\/\/www.radioluna.it\/news\/wp-content\/uploads\/2015\/09\/CARABINIERI-GENERICA-ANTONIO-635x356.jpg\" alt=\"CARABINIERI GENERICA ANTONIO\" width=\"635\" height=\"356\" srcset=\"https:\/\/www.radioluna.it\/news\/wp-content\/uploads\/2015\/09\/CARABINIERI-GENERICA-ANTONIO-635x356.jpg 635w, https:\/\/www.radioluna.it\/news\/wp-content\/uploads\/2015\/09\/CARABINIERI-GENERICA-ANTONIO-768x431.jpg 768w, https:\/\/www.radioluna.it\/news\/wp-content\/uploads\/2015\/09\/CARABINIERI-GENERICA-ANTONIO-500x281.jpg 500w, https:\/\/www.radioluna.it\/news\/wp-content\/uploads\/2015\/09\/CARABINIERI-GENERICA-ANTONIO-300x168.jpg 300w, https:\/\/www.radioluna.it\/news\/wp-content\/uploads\/2015\/09\/CARABINIERI-GENERICA-ANTONIO-1024x575.jpg 1024w, https:\/\/www.radioluna.it\/news\/wp-content\/uploads\/2015\/09\/CARABINIERI-GENERICA-ANTONIO-800x449.jpg 800w, https:\/\/www.radioluna.it\/news\/wp-content\/uploads\/2015\/09\/CARABINIERI-GENERICA-ANTONIO.jpg 1000w\" sizes=\"auto, (max-width: 635px) 100vw, 635px\" \/><\/a><\/p>\n<p style=\"text-align: justify;\"><strong>FORMIA<\/strong> &#8211; Voleva incendiare la casa della madre, alla fine \u00e8 stata arrestata dai carabinieri. E&#8217; successo a Formia dove in manette \u00e8 finita una ragazzina di appena 14 anni che al culmine dell&#8217;ennesima discussione in famiglia con la mamma ha detto che sarebbe andata via di casa e poi avrebbe appiccato il fuoco all&#8217;abitazione. La donna nel timore che la figlia portasse a termine il suo piano ha chiamato i carabinieri che \u00e8 stata sorpresa con un contenitore pieno di benzina. L&#8217;adolescente \u00e8 stata arrestata e si trova nel centro di Casal del Marmo a Roma, a disposizione dell&#8217;autorit\u00e0 giudiziaria.<\/p>\n","protected":false},"excerpt":{"rendered":"<p>FORMIA &#8211; Voleva incendiare la casa della madre, alla fine \u00e8 stata arrestata dai carabinieri. E&#8217; successo a Formia dove in manette \u00e8 finita una ragazzina di appena 14 anni che al culmine dell&#8217;ennesima discussione in famiglia con la mamma ha detto che sarebbe andata via di casa e poi avrebbe appiccato il fuoco all&#8217;abitazione. [&hellip;]<\/p>\n","protected":false},"author":60,"featured_media":169186,"comment_status":"open","ping_status":"closed","sticky":false,"template":"","format":"standard","meta":{"footnotes":""},"categories":[7],"tags":[],"class_list":["post-173801","post","type-post","status-publish","format-standard","has-post-thumbnail","hentry","category-cronaca"],"_links":{"self":[{"href":"https:\/\/www.radioluna.it\/news\/wp-json\/wp\/v2\/posts\/173801","targetHints":{"allow":["GET"]}}],"collection":[{"href":"https:\/\/www.radioluna.it\/news\/wp-json\/wp\/v2\/posts"}],"about":[{"href":"https:\/\/www.radioluna.it\/news\/wp-json\/wp\/v2\/types\/post"}],"author":[{"embeddable":true,"href":"https:\/\/www.radioluna.it\/news\/wp-json\/wp\/v2\/users\/60"}],"replies":[{"embeddable":true,"href":"https:\/\/www.radioluna.it\/news\/wp-json\/wp\/v2\/comments?post=173801"}],"version-history":[{"count":0,"href":"https:\/\/www.radioluna.it\/news\/wp-json\/wp\/v2\/posts\/173801\/revisions"}],"wp:featuredmedia":[{"embeddable":true,"href":"https:\/\/www.radioluna.it\/news\/wp-json\/wp\/v2\/media\/169186"}],"wp:attachment":[{"href":"https:\/\/www.radioluna.it\/news\/wp-json\/wp\/v2\/media?parent=173801"}],"wp:term":[{"taxonomy":"category","embeddable":true,"href":"https:\/\/www.radioluna.it\/news\/wp-json\/wp\/v2\/categories?post=173801"},{"taxonomy":"post_tag","embeddable":true,"href":"https:\/\/www.radioluna.it\/news\/wp-json\/wp\/v2\/tags?post=173801"}],"curies":[{"name":"wp","href":"https:\/\/api.w.org\/{rel}","templated":true}]}}