{"id":173844,"date":"2016-02-08T09:43:46","date_gmt":"2016-02-08T08:43:46","guid":{"rendered":"http:\/\/www.radioluna.it\/news\/?p=173844"},"modified":"2016-02-08T09:43:46","modified_gmt":"2016-02-08T08:43:46","slug":"rotaract-latina-nuova-linfa-con-sei-nuovi-ingressi","status":"publish","type":"post","link":"https:\/\/www.radioluna.it\/news\/2016\/02\/rotaract-latina-nuova-linfa-con-sei-nuovi-ingressi\/","title":{"rendered":"Rotaract Latina, nuova linfa con sei nuovi ingressi"},"content":{"rendered":"<div id=\"fb-root\"><\/div>\n<div id=\"attachment_173845\" style=\"width: 537px\" class=\"wp-caption aligncenter\"><a href=\"http:\/\/www.radioluna.it\/news\/wp-content\/uploads\/2016\/02\/simeone.jpg\"><img loading=\"lazy\" decoding=\"async\" aria-describedby=\"caption-attachment-173845\" class=\"size-full wp-image-173845\" src=\"http:\/\/www.radioluna.it\/news\/wp-content\/uploads\/2016\/02\/simeone.jpg\" alt=\"Il presidente del Rotaract di Latina Francesco Simeone\" width=\"527\" height=\"471\" srcset=\"https:\/\/www.radioluna.it\/news\/wp-content\/uploads\/2016\/02\/simeone.jpg 527w, https:\/\/www.radioluna.it\/news\/wp-content\/uploads\/2016\/02\/simeone-500x447.jpg 500w, https:\/\/www.radioluna.it\/news\/wp-content\/uploads\/2016\/02\/simeone-300x268.jpg 300w\" sizes=\"auto, (max-width: 527px) 100vw, 527px\" \/><\/a><p id=\"caption-attachment-173845\" class=\"wp-caption-text\">Il presidente del Rotaract di Latina Francesco Simeone<\/p><\/div>\n<p style=\"text-align: justify;\">LATINA &#8211; Nuovi ingressi al Rotaract Club di Latina, l&#8217;organizzazione giovanile &#8220;figlia&#8221; del Rotary International. In sei hanno deciso di entrare, sono Giacomo Gullo, Marcello Avvisati, Francesco Milani, Giulia Passariello, Rosalba Amelia e Isabella Velardo. &#8220;Grazie all&#8217;impegno di tutti i nostri giovani soci &#8211; ha sottolineato il Presidente Francesco Simeone &#8211; oggi il Rotaract di Latina sta avendo una rinnovata attenzione alle attivit\u00e0 distrettuali e sta diventando, sempre pi\u00f9, un&#8217; organizzazione protagonista a sostegno della nostra comunit\u00e0 locale: i salotti professionali, l&#8217;aiuto al banco alimentare, la mostra contro la violenza alle donne, l&#8217;attivit\u00e0 a sostegno dei bambini di pediatria dell&#8217;ospedale di Latina, attivit\u00e0 di servizio a Roma in collaborazione con la Comunit\u00e0 di Sant&#8217;Egidio, la partecipazione al Festival Giallolatino, compartecipazione ai Gardini del Majorana per l&#8217;integrazione sociale&#8221;. Attivit\u00e0 solidale per il territorio e formazione professionale saranno \u00a0le priorit\u00e0 anche nei prossimi mesi.<br \/>\nDomenica intanto ha fatto visita al club giovanile di Latina l&#8217;RD Simone Dess\u00ec, accompagnato dal Delegato di zona Lazio Gabriele Cantagallo, era presenti il Presidente del Rotary di Latina Roberto Micolitti, il Past Governatore distrettuale Silvio Piccioni e il delegato giovani Franco Borretti.<\/p>\n","protected":false},"excerpt":{"rendered":"<p>LATINA &#8211; Nuovi ingressi al Rotaract Club di Latina, l&#8217;organizzazione giovanile &#8220;figlia&#8221; del Rotary International. In sei hanno deciso di entrare, sono Giacomo Gullo, Marcello Avvisati, Francesco Milani, Giulia Passariello, Rosalba Amelia e Isabella Velardo. &#8220;Grazie all&#8217;impegno di tutti i nostri giovani soci &#8211; ha sottolineato il Presidente Francesco Simeone &#8211; oggi il Rotaract di [&hellip;]<\/p>\n","protected":false},"author":62,"featured_media":173845,"comment_status":"open","ping_status":"closed","sticky":false,"template":"","format":"standard","meta":{"footnotes":""},"categories":[735],"tags":[],"class_list":["post-173844","post","type-post","status-publish","format-standard","has-post-thumbnail","hentry","category-attualita"],"_links":{"self":[{"href":"https:\/\/www.radioluna.it\/news\/wp-json\/wp\/v2\/posts\/173844","targetHints":{"allow":["GET"]}}],"collection":[{"href":"https:\/\/www.radioluna.it\/news\/wp-json\/wp\/v2\/posts"}],"about":[{"href":"https:\/\/www.radioluna.it\/news\/wp-json\/wp\/v2\/types\/post"}],"author":[{"embeddable":true,"href":"https:\/\/www.radioluna.it\/news\/wp-json\/wp\/v2\/users\/62"}],"replies":[{"embeddable":true,"href":"https:\/\/www.radioluna.it\/news\/wp-json\/wp\/v2\/comments?post=173844"}],"version-history":[{"count":0,"href":"https:\/\/www.radioluna.it\/news\/wp-json\/wp\/v2\/posts\/173844\/revisions"}],"wp:featuredmedia":[{"embeddable":true,"href":"https:\/\/www.radioluna.it\/news\/wp-json\/wp\/v2\/media\/173845"}],"wp:attachment":[{"href":"https:\/\/www.radioluna.it\/news\/wp-json\/wp\/v2\/media?parent=173844"}],"wp:term":[{"taxonomy":"category","embeddable":true,"href":"https:\/\/www.radioluna.it\/news\/wp-json\/wp\/v2\/categories?post=173844"},{"taxonomy":"post_tag","embeddable":true,"href":"https:\/\/www.radioluna.it\/news\/wp-json\/wp\/v2\/tags?post=173844"}],"curies":[{"name":"wp","href":"https:\/\/api.w.org\/{rel}","templated":true}]}}