{"id":173874,"date":"2016-02-09T07:38:10","date_gmt":"2016-02-09T06:38:10","guid":{"rendered":"http:\/\/www.radioluna.it\/news\/?p=173874"},"modified":"2016-02-09T07:38:10","modified_gmt":"2016-02-09T06:38:10","slug":"la-sfilata-dei-carri-si-fara-grazie-ai-privati","status":"publish","type":"post","link":"https:\/\/www.radioluna.it\/news\/2016\/02\/la-sfilata-dei-carri-si-fara-grazie-ai-privati\/","title":{"rendered":"La sfilata dei carri si far\u00e0 grazie ai privati"},"content":{"rendered":"<div id=\"fb-root\"><\/div>\n<p style=\"text-align: justify;\"><strong><a href=\"http:\/\/www.radioluna.it\/news\/wp-content\/uploads\/2013\/02\/CARNEVALE-14.02.2010-122_m.jpg\"><img loading=\"lazy\" decoding=\"async\" class=\"aligncenter size-full wp-image-131022\" src=\"http:\/\/www.radioluna.it\/news\/wp-content\/uploads\/2013\/02\/CARNEVALE-14.02.2010-122_m.jpg\" alt=\"CARNEVALE 14.02.2010 122_m\" width=\"512\" height=\"384\" srcset=\"https:\/\/www.radioluna.it\/news\/wp-content\/uploads\/2013\/02\/CARNEVALE-14.02.2010-122_m.jpg 512w, https:\/\/www.radioluna.it\/news\/wp-content\/uploads\/2013\/02\/CARNEVALE-14.02.2010-122_m-500x375.jpg 500w, https:\/\/www.radioluna.it\/news\/wp-content\/uploads\/2013\/02\/CARNEVALE-14.02.2010-122_m-300x225.jpg 300w\" sizes=\"auto, (max-width: 512px) 100vw, 512px\" \/><\/a>LATINA &#8211;<\/strong>\u00a0Oggi \u00e8 marted\u00ec grasso e la tradizione ripropone la sfilata dei carri. Nelle vie del centro cittadino di Latina con partenza dai giardini pubblici e giro corto data la presenza della Ztl, solo la pioggia, peraltro annunciata, \u00a0potrebbe fermare l&#8217;evento proposto dall&#8217;associazione per il Carnevale di Latina. E&#8217; la trentacinquesima edizione realizzata con l&#8217;appoggio del Comune e di alcuni imprenditori di Latina che hanno coperto una parte del budget necessario a ripulire le strade.\u00a0L&#8217;appuntamento \u00e8 per marted\u00ec 9 febbraio, ultimo di Carnevale: &#8220;Non sono certamente i carri di alto livello di certe localit\u00e0 famose &#8211; sottolinea il presidente Tino Di Marco dopo alcune pesanti critiche &#8211; ma sono carri che nascono dal cuore e dall&#8217;impegno di volontari che al freddo per mesi, mettendo a disposizione tutto il tempo libero cercano di dare un contributo alla crescita di questa citt\u00e0&#8221;.<\/p>\n<p style=\"text-align: justify;\">&#8220;Un ringraziamento particolare \u00a0&#8211; dice il presidente dell&#8217;associazione per il Carnevale di Latina Tino Di Marco &#8211; va all&#8217;Associazione \u201cLa tua voce per Latina \u201c\u00a0di Davide Lemma che si \u00e8 messa a disposizione per mantenere questa bella tradizione&#8221;.<\/p>\n<p style=\"text-align: justify;\">\n","protected":false},"excerpt":{"rendered":"<p>LATINA &#8211;\u00a0Oggi \u00e8 marted\u00ec grasso e la tradizione ripropone la sfilata dei carri. Nelle vie del centro cittadino di Latina con partenza dai giardini pubblici e giro corto data la presenza della Ztl, solo la pioggia, peraltro annunciata, \u00a0potrebbe fermare l&#8217;evento proposto dall&#8217;associazione per il Carnevale di Latina. E&#8217; la trentacinquesima edizione realizzata con l&#8217;appoggio [&hellip;]<\/p>\n","protected":false},"author":62,"featured_media":131022,"comment_status":"open","ping_status":"closed","sticky":false,"template":"","format":"standard","meta":{"footnotes":""},"categories":[16],"tags":[],"class_list":["post-173874","post","type-post","status-publish","format-standard","has-post-thumbnail","hentry","category-appuntamenti"],"_links":{"self":[{"href":"https:\/\/www.radioluna.it\/news\/wp-json\/wp\/v2\/posts\/173874","targetHints":{"allow":["GET"]}}],"collection":[{"href":"https:\/\/www.radioluna.it\/news\/wp-json\/wp\/v2\/posts"}],"about":[{"href":"https:\/\/www.radioluna.it\/news\/wp-json\/wp\/v2\/types\/post"}],"author":[{"embeddable":true,"href":"https:\/\/www.radioluna.it\/news\/wp-json\/wp\/v2\/users\/62"}],"replies":[{"embeddable":true,"href":"https:\/\/www.radioluna.it\/news\/wp-json\/wp\/v2\/comments?post=173874"}],"version-history":[{"count":0,"href":"https:\/\/www.radioluna.it\/news\/wp-json\/wp\/v2\/posts\/173874\/revisions"}],"wp:featuredmedia":[{"embeddable":true,"href":"https:\/\/www.radioluna.it\/news\/wp-json\/wp\/v2\/media\/131022"}],"wp:attachment":[{"href":"https:\/\/www.radioluna.it\/news\/wp-json\/wp\/v2\/media?parent=173874"}],"wp:term":[{"taxonomy":"category","embeddable":true,"href":"https:\/\/www.radioluna.it\/news\/wp-json\/wp\/v2\/categories?post=173874"},{"taxonomy":"post_tag","embeddable":true,"href":"https:\/\/www.radioluna.it\/news\/wp-json\/wp\/v2\/tags?post=173874"}],"curies":[{"name":"wp","href":"https:\/\/api.w.org\/{rel}","templated":true}]}}