{"id":174094,"date":"2016-02-15T09:43:45","date_gmt":"2016-02-15T08:43:45","guid":{"rendered":"http:\/\/www.radioluna.it\/news\/?p=174094"},"modified":"2016-02-15T09:43:45","modified_gmt":"2016-02-15T08:43:45","slug":"carciofo-il-fiore-di-campo-una-cena-con-slow-food","status":"publish","type":"post","link":"https:\/\/www.radioluna.it\/news\/2016\/02\/carciofo-il-fiore-di-campo-una-cena-con-slow-food\/","title":{"rendered":"Carciofo, il fiore di campo: una cena con Slow Food"},"content":{"rendered":"<div id=\"fb-root\"><\/div>\n<p><a href=\"http:\/\/www.radioluna.it\/news\/wp-content\/uploads\/2016\/02\/slow-food.jpg\"><img loading=\"lazy\" decoding=\"async\" class=\"aligncenter size-thumbnail wp-image-174105\" src=\"http:\/\/www.radioluna.it\/news\/wp-content\/uploads\/2016\/02\/slow-food-635x899.jpg\" alt=\"slow food\" width=\"635\" height=\"899\" srcset=\"https:\/\/www.radioluna.it\/news\/wp-content\/uploads\/2016\/02\/slow-food-635x899.jpg 635w, https:\/\/www.radioluna.it\/news\/wp-content\/uploads\/2016\/02\/slow-food-500x708.jpg 500w, https:\/\/www.radioluna.it\/news\/wp-content\/uploads\/2016\/02\/slow-food-212x300.jpg 212w, https:\/\/www.radioluna.it\/news\/wp-content\/uploads\/2016\/02\/slow-food-300x425.jpg 300w, https:\/\/www.radioluna.it\/news\/wp-content\/uploads\/2016\/02\/slow-food.jpg 678w\" sizes=\"auto, (max-width: 635px) 100vw, 635px\" \/><\/a>LATINA &#8211; Carciofi per tutti i gusti, dall&#8217;antipasto all&#8217;amaro: \u00e8 la proposta di Slow Food Latina per fare conoscere il fiore di campo. L&#8217;appuntamento \u00e8 al ristorante Santuccio di Sezze per venerd\u00ec 26 febbraio. Crudi, arrosto, chips e gratinati, con la pasta e con la carne, il men\u00f9 \u00e8 interamente dedicato all&#8217;ortaggio setino per eccellenza.<\/p>\n<div class=\"radio-posizionamento-telefono-in-articoli-dopo-il-contenuto-articolo radio-entity-placement\" id=\"radio-2009073559\"><div id=\"radio-1877491597\" style=\"width: 300px;height: 250px;\"><a href=\"https:\/\/www.icarspa.it\/auto\/usate\/latina\/\" aria-label=\"banner aprile icar new life &#8211; auto usate latina\"><img loading=\"lazy\" decoding=\"async\" src=\"https:\/\/www.radioluna.it\/news\/wp-content\/uploads\/2026\/02\/banner-aprile-icar-new-life-auto-usate-latina.gif\" alt=\"\"  width=\"300\" height=\"250\"   \/><\/a><\/div><\/div>","protected":false},"excerpt":{"rendered":"<p>LATINA &#8211; Carciofi per tutti i gusti, dall&#8217;antipasto all&#8217;amaro: \u00e8 la proposta di Slow Food Latina per fare conoscere il fiore di campo. L&#8217;appuntamento \u00e8 al ristorante Santuccio di Sezze per venerd\u00ec 26 febbraio. Crudi, arrosto, chips e gratinati, con la pasta e con la carne, il men\u00f9 \u00e8 interamente dedicato all&#8217;ortaggio setino per eccellenza.<\/p>\n","protected":false},"author":62,"featured_media":174105,"comment_status":"open","ping_status":"closed","sticky":false,"template":"","format":"standard","meta":{"footnotes":""},"categories":[16],"tags":[],"class_list":["post-174094","post","type-post","status-publish","format-standard","has-post-thumbnail","hentry","category-appuntamenti"],"_links":{"self":[{"href":"https:\/\/www.radioluna.it\/news\/wp-json\/wp\/v2\/posts\/174094","targetHints":{"allow":["GET"]}}],"collection":[{"href":"https:\/\/www.radioluna.it\/news\/wp-json\/wp\/v2\/posts"}],"about":[{"href":"https:\/\/www.radioluna.it\/news\/wp-json\/wp\/v2\/types\/post"}],"author":[{"embeddable":true,"href":"https:\/\/www.radioluna.it\/news\/wp-json\/wp\/v2\/users\/62"}],"replies":[{"embeddable":true,"href":"https:\/\/www.radioluna.it\/news\/wp-json\/wp\/v2\/comments?post=174094"}],"version-history":[{"count":0,"href":"https:\/\/www.radioluna.it\/news\/wp-json\/wp\/v2\/posts\/174094\/revisions"}],"wp:featuredmedia":[{"embeddable":true,"href":"https:\/\/www.radioluna.it\/news\/wp-json\/wp\/v2\/media\/174105"}],"wp:attachment":[{"href":"https:\/\/www.radioluna.it\/news\/wp-json\/wp\/v2\/media?parent=174094"}],"wp:term":[{"taxonomy":"category","embeddable":true,"href":"https:\/\/www.radioluna.it\/news\/wp-json\/wp\/v2\/categories?post=174094"},{"taxonomy":"post_tag","embeddable":true,"href":"https:\/\/www.radioluna.it\/news\/wp-json\/wp\/v2\/tags?post=174094"}],"curies":[{"name":"wp","href":"https:\/\/api.w.org\/{rel}","templated":true}]}}