{"id":174108,"date":"2016-02-15T10:25:40","date_gmt":"2016-02-15T09:25:40","guid":{"rendered":"http:\/\/www.radioluna.it\/news\/?p=174108"},"modified":"2016-02-15T10:25:40","modified_gmt":"2016-02-15T09:25:40","slug":"ninfa-basta-file-per-visitare-il-giardino-bisogna-prenotarsi","status":"publish","type":"post","link":"https:\/\/www.radioluna.it\/news\/2016\/02\/ninfa-basta-file-per-visitare-il-giardino-bisogna-prenotarsi\/","title":{"rendered":"Ninfa, basta file, per visitare il Giardino bisogna prenotarsi"},"content":{"rendered":"<div id=\"fb-root\"><\/div>\n<div id=\"attachment_164448\" style=\"width: 645px\" class=\"wp-caption aligncenter\"><a href=\"http:\/\/www.radioluna.it\/news\/wp-content\/uploads\/2015\/05\/ninfa1.jpg\"><img loading=\"lazy\" decoding=\"async\" aria-describedby=\"caption-attachment-164448\" class=\"size-thumbnail wp-image-164448\" src=\"http:\/\/www.radioluna.it\/news\/wp-content\/uploads\/2015\/05\/ninfa1-635x357.jpg\" alt=\"Il giardino di Ninfa\" width=\"635\" height=\"357\" srcset=\"https:\/\/www.radioluna.it\/news\/wp-content\/uploads\/2015\/05\/ninfa1-635x357.jpg 635w, https:\/\/www.radioluna.it\/news\/wp-content\/uploads\/2015\/05\/ninfa1-768x432.jpg 768w, https:\/\/www.radioluna.it\/news\/wp-content\/uploads\/2015\/05\/ninfa1-500x281.jpg 500w, https:\/\/www.radioluna.it\/news\/wp-content\/uploads\/2015\/05\/ninfa1-300x169.jpg 300w, https:\/\/www.radioluna.it\/news\/wp-content\/uploads\/2015\/05\/ninfa1-1024x576.jpg 1024w, https:\/\/www.radioluna.it\/news\/wp-content\/uploads\/2015\/05\/ninfa1-800x450.jpg 800w, https:\/\/www.radioluna.it\/news\/wp-content\/uploads\/2015\/05\/ninfa1.jpg 1000w\" sizes=\"auto, (max-width: 635px) 100vw, 635px\" \/><\/a><p id=\"caption-attachment-164448\" class=\"wp-caption-text\">Il giardino di Ninfa<\/p><\/div>\n<p style=\"text-align: justify;\"><strong>LATINA<\/strong> &#8211; Il\u00a0Giardino di Ninfa, considerato unanimemente tra i pi\u00f9 belli al mondo, riaprir\u00e0 come ogni anno a Pasqua (il 27 e 28 marzo), ma con una novit\u00e0: la prenotazione on line diventa obbligatoria. &#8220;L&#8217;obiettivo \u00e8 evitare\u00a0le lunghe file d&#8217; attesa e rendere cos\u00ec ancora pi\u00f9 piacevole la visita&#8221;, spiegano dalla\u00a0Fondazione Caetani.<br \/>\n&#8220;Inizialmente solo i gruppi organizzati (minimo 25 partecipanti) dovranno prenotarsi obbligatoriamente anche nelle giornate di apertura al pubblico, per le quali fin\u2019ora non era prevista la prenotazione.Ma presto sia i gruppi che i singoli per visitare il Giardino di Ninfa potranno prenotarsi online dal nostro sito attraverso una piattaforma che permetter\u00e0 di scegliere il giorno, la fascia oraria e di pagare facilmente online evitando cos\u00ec le scomode file e le attese che il grande successo del giardino ha purtroppo procurato negli scorsi anni.\u00a0Rimarr\u00e0, per coloro che non sono molto pratici della tecnologia d\u2019oggi, la possibilit\u00e0 di prenotarsi via fax. Per le scolaresche infine rimane la possibilit\u00e0 di prenotarsi il luned\u00ec e mercoled\u00ec di aprile e maggio ad i contatti presenti sul nostro sito www.fondazionecaetani.org .<br \/>\nPer ogni informazione consultare il sito www.fondazionecaetani.org<\/p>\n","protected":false},"excerpt":{"rendered":"<p>LATINA &#8211; Il\u00a0Giardino di Ninfa, considerato unanimemente tra i pi\u00f9 belli al mondo, riaprir\u00e0 come ogni anno a Pasqua (il 27 e 28 marzo), ma con una novit\u00e0: la prenotazione on line diventa obbligatoria. &#8220;L&#8217;obiettivo \u00e8 evitare\u00a0le lunghe file d&#8217; attesa e rendere cos\u00ec ancora pi\u00f9 piacevole la visita&#8221;, spiegano dalla\u00a0Fondazione Caetani. &#8220;Inizialmente solo i [&hellip;]<\/p>\n","protected":false},"author":62,"featured_media":164448,"comment_status":"open","ping_status":"closed","sticky":false,"template":"","format":"standard","meta":{"footnotes":""},"categories":[12],"tags":[],"class_list":["post-174108","post","type-post","status-publish","format-standard","has-post-thumbnail","hentry","category-ambiente"],"_links":{"self":[{"href":"https:\/\/www.radioluna.it\/news\/wp-json\/wp\/v2\/posts\/174108","targetHints":{"allow":["GET"]}}],"collection":[{"href":"https:\/\/www.radioluna.it\/news\/wp-json\/wp\/v2\/posts"}],"about":[{"href":"https:\/\/www.radioluna.it\/news\/wp-json\/wp\/v2\/types\/post"}],"author":[{"embeddable":true,"href":"https:\/\/www.radioluna.it\/news\/wp-json\/wp\/v2\/users\/62"}],"replies":[{"embeddable":true,"href":"https:\/\/www.radioluna.it\/news\/wp-json\/wp\/v2\/comments?post=174108"}],"version-history":[{"count":0,"href":"https:\/\/www.radioluna.it\/news\/wp-json\/wp\/v2\/posts\/174108\/revisions"}],"wp:featuredmedia":[{"embeddable":true,"href":"https:\/\/www.radioluna.it\/news\/wp-json\/wp\/v2\/media\/164448"}],"wp:attachment":[{"href":"https:\/\/www.radioluna.it\/news\/wp-json\/wp\/v2\/media?parent=174108"}],"wp:term":[{"taxonomy":"category","embeddable":true,"href":"https:\/\/www.radioluna.it\/news\/wp-json\/wp\/v2\/categories?post=174108"},{"taxonomy":"post_tag","embeddable":true,"href":"https:\/\/www.radioluna.it\/news\/wp-json\/wp\/v2\/tags?post=174108"}],"curies":[{"name":"wp","href":"https:\/\/api.w.org\/{rel}","templated":true}]}}