{"id":174118,"date":"2016-02-15T13:04:55","date_gmt":"2016-02-15T12:04:55","guid":{"rendered":"http:\/\/www.radioluna.it\/news\/?p=174118"},"modified":"2016-02-15T13:04:55","modified_gmt":"2016-02-15T12:04:55","slug":"trasparenza-risanamento-e-buona-amministrazione-le-proposte-di-lbc","status":"publish","type":"post","link":"https:\/\/www.radioluna.it\/news\/2016\/02\/trasparenza-risanamento-e-buona-amministrazione-le-proposte-di-lbc\/","title":{"rendered":"\u00a0Trasparenza, risanamento e buona amministrazione, le proposte di LBC"},"content":{"rendered":"<div id=\"fb-root\"><\/div>\n<p style=\"text-align: justify;\"><strong><a href=\"http:\/\/www.radioluna.it\/news\/wp-content\/uploads\/2016\/02\/damiano-coletta-LBC.jpg\"><img loading=\"lazy\" decoding=\"async\" class=\"aligncenter size-thumbnail wp-image-173581\" src=\"http:\/\/www.radioluna.it\/news\/wp-content\/uploads\/2016\/02\/damiano-coletta-LBC-635x423.jpg\" alt=\"damiano coletta LBC\" width=\"635\" height=\"423\" srcset=\"https:\/\/www.radioluna.it\/news\/wp-content\/uploads\/2016\/02\/damiano-coletta-LBC-635x423.jpg 635w, https:\/\/www.radioluna.it\/news\/wp-content\/uploads\/2016\/02\/damiano-coletta-LBC-768x511.jpg 768w, https:\/\/www.radioluna.it\/news\/wp-content\/uploads\/2016\/02\/damiano-coletta-LBC-500x333.jpg 500w, https:\/\/www.radioluna.it\/news\/wp-content\/uploads\/2016\/02\/damiano-coletta-LBC-600x400.jpg 600w, https:\/\/www.radioluna.it\/news\/wp-content\/uploads\/2016\/02\/damiano-coletta-LBC-300x200.jpg 300w, https:\/\/www.radioluna.it\/news\/wp-content\/uploads\/2016\/02\/damiano-coletta-LBC-800x533.jpg 800w, https:\/\/www.radioluna.it\/news\/wp-content\/uploads\/2016\/02\/damiano-coletta-LBC.jpg 960w\" sizes=\"auto, (max-width: 635px) 100vw, 635px\" \/><\/a>LATINA<\/strong> &#8211;\u00a0Mercoled\u00ec 17 febbraio, presso la Sto\u00e0 in Via Cesare Battisti, si parler\u00e0 di bilancio e trasparenza in un evento, dal titolo \u201cRisanamento, legalit\u00e0, trasparenza e buona amministrazione: ripartiamo da qui\u201d, organizzato dal Comitato \u201cLatina Bene Comune\u201d e aperto a tutta la cittadinanza. Saranno\u00a0presentate le linee guida e alcuni interventi concreti elaborati dal gruppo.\u00a0\u00abL&#8217;incontro di mercoled\u00ec &#8211; sottolinea il presidente e candidato sindaco, Damiano Coletta &#8211; ha un valore simbolico importante perch\u00e9 attraverso il lavoro dei nostri esperti verranno affrontate tematiche che rappresentano delle priorit\u00e0 nel nostro programma. La politica deve necessariamente partire dai conti, dalle risorse di cui si dispone e di cui si potr\u00e0 disporre per potere orientare tutte le scelte immediate e future, senza ingannare i cittadini\u00bb.<\/p>\n<p style=\"text-align: justify;\">La trasparenza \u00e8 lo strumento essenziale per realizzare tutto questo. \u00abRendere il cittadino informato, partecipe e consapevole sulle questioni che riguardano il bilancio \u2013 aggiunge Coletta &#8211; \u00e8 il primo passo che una buona amministrazione deve fare affinch\u00e9 il Palazzo comunale torni ad essere una &#8220;casa di vetro&#8221; e non un centro d\u2019affari per interessi personali\u00bb.<\/p>\n","protected":false},"excerpt":{"rendered":"<p>LATINA &#8211;\u00a0Mercoled\u00ec 17 febbraio, presso la Sto\u00e0 in Via Cesare Battisti, si parler\u00e0 di bilancio e trasparenza in un evento, dal titolo \u201cRisanamento, legalit\u00e0, trasparenza e buona amministrazione: ripartiamo da qui\u201d, organizzato dal Comitato \u201cLatina Bene Comune\u201d e aperto a tutta la cittadinanza. Saranno\u00a0presentate le linee guida e alcuni interventi concreti elaborati dal gruppo.\u00a0\u00abL&#8217;incontro di [&hellip;]<\/p>\n","protected":false},"author":62,"featured_media":173581,"comment_status":"open","ping_status":"closed","sticky":false,"template":"","format":"standard","meta":{"footnotes":""},"categories":[8],"tags":[],"class_list":["post-174118","post","type-post","status-publish","format-standard","has-post-thumbnail","hentry","category-politica"],"_links":{"self":[{"href":"https:\/\/www.radioluna.it\/news\/wp-json\/wp\/v2\/posts\/174118","targetHints":{"allow":["GET"]}}],"collection":[{"href":"https:\/\/www.radioluna.it\/news\/wp-json\/wp\/v2\/posts"}],"about":[{"href":"https:\/\/www.radioluna.it\/news\/wp-json\/wp\/v2\/types\/post"}],"author":[{"embeddable":true,"href":"https:\/\/www.radioluna.it\/news\/wp-json\/wp\/v2\/users\/62"}],"replies":[{"embeddable":true,"href":"https:\/\/www.radioluna.it\/news\/wp-json\/wp\/v2\/comments?post=174118"}],"version-history":[{"count":0,"href":"https:\/\/www.radioluna.it\/news\/wp-json\/wp\/v2\/posts\/174118\/revisions"}],"wp:featuredmedia":[{"embeddable":true,"href":"https:\/\/www.radioluna.it\/news\/wp-json\/wp\/v2\/media\/173581"}],"wp:attachment":[{"href":"https:\/\/www.radioluna.it\/news\/wp-json\/wp\/v2\/media?parent=174118"}],"wp:term":[{"taxonomy":"category","embeddable":true,"href":"https:\/\/www.radioluna.it\/news\/wp-json\/wp\/v2\/categories?post=174118"},{"taxonomy":"post_tag","embeddable":true,"href":"https:\/\/www.radioluna.it\/news\/wp-json\/wp\/v2\/tags?post=174118"}],"curies":[{"name":"wp","href":"https:\/\/api.w.org\/{rel}","templated":true}]}}