{"id":174167,"date":"2016-02-16T11:39:46","date_gmt":"2016-02-16T10:39:46","guid":{"rendered":"http:\/\/www.radioluna.it\/news\/?p=174167"},"modified":"2016-02-16T12:08:21","modified_gmt":"2016-02-16T11:08:21","slug":"nastri-dargento-premio-speciale-a-gianfranco-pannone","status":"publish","type":"post","link":"https:\/\/www.radioluna.it\/news\/2016\/02\/nastri-dargento-premio-speciale-a-gianfranco-pannone\/","title":{"rendered":"Nastri d&#8217;argento, premio speciale a Gianfranco Pannone"},"content":{"rendered":"<div id=\"fb-root\"><\/div>\n<p style=\"text-align: justify;\"><strong><a href=\"http:\/\/www.radioluna.it\/news\/wp-content\/uploads\/2012\/10\/gianfranco_pannone.jpg\"><img loading=\"lazy\" decoding=\"async\" class=\"wp-image-126709 size-full aligncenter\" src=\"http:\/\/www.radioluna.it\/news\/wp-content\/uploads\/2012\/10\/gianfranco_pannone.jpg\" alt=\"gianfranco_pannone\" width=\"500\" height=\"504\" srcset=\"https:\/\/www.radioluna.it\/news\/wp-content\/uploads\/2012\/10\/gianfranco_pannone.jpg 500w, https:\/\/www.radioluna.it\/news\/wp-content\/uploads\/2012\/10\/gianfranco_pannone-150x150.jpg 150w, https:\/\/www.radioluna.it\/news\/wp-content\/uploads\/2012\/10\/gianfranco_pannone-298x300.jpg 298w, https:\/\/www.radioluna.it\/news\/wp-content\/uploads\/2012\/10\/gianfranco_pannone-50x50.jpg 50w, https:\/\/www.radioluna.it\/news\/wp-content\/uploads\/2012\/10\/gianfranco_pannone-80x80.jpg 80w, https:\/\/www.radioluna.it\/news\/wp-content\/uploads\/2012\/10\/gianfranco_pannone-297x300.jpg 297w\" sizes=\"auto, (max-width: 500px) 100vw, 500px\" \/><\/a>LATINA<\/strong> &#8211;\u00a0 Il regista di Latina Gianfranco Pannone, per l&#8217; impegno nel cinema del reale, \u00e8 uno dei due due autori ai quali i giornalisti cinematografici hanno assegnato i\u00a0Premi speciali dei 70 anni del Sindacato e dei Nastri d\u2019Argento.<br \/>\nUn riconoscimento che vuole sottolineare l&#8217;importanza del documentario come sguardo sulla vita quotidiana.\u00a0Per Pannone il premio arriva grazie all\u2019originalit\u00e0 di un\u2019inchiesta mai finora realizzata come &#8220;L\u2019esercito pi\u00f9 piccolo del mondo&#8221;, sul corpo delle Guardie Svizzere.<\/p>\n<p style=\"text-align: justify;\">Sono 40 quest\u2019anno, i documentari finalisti tra i quali saranno annunciate gioved\u00ec prossimo, 18 Febbraio, a una settimana dalla premiazione, la cinquina finalista e i vincitori di altri premi speciali. Pannone concorre anche per il Nastro al Miglior documentario con Vulcano, film sul Vesuvio.<\/p>\n<p style=\"text-align: justify;\">Luned\u00ec 29 febbraio Pannone sar\u00e0 ospite su Radio Luna in occasione della presentazione de L&#8217;esercito pi\u00f9 piccolo del Mondo<\/p>\n<div class=\"radio-posizionamento-telefono-in-articoli-dopo-il-contenuto-articolo radio-entity-placement\" id=\"radio-2932966698\"><div id=\"radio-2851014862\"><a href=\"https:\/\/grupporedi.it\/\" aria-label=\"Redi-Qr\"><img loading=\"lazy\" decoding=\"async\" src=\"https:\/\/www.radioluna.it\/news\/wp-content\/uploads\/2026\/03\/Redi-Qr.jpg\" alt=\"\"  srcset=\"https:\/\/www.radioluna.it\/news\/wp-content\/uploads\/2026\/03\/Redi-Qr.jpg 800w, https:\/\/www.radioluna.it\/news\/wp-content\/uploads\/2026\/03\/Redi-Qr-768x639.jpg 768w\" sizes=\"(max-width: 800px) 100vw, 800px\" width=\"300\" height=\"250\"   \/><\/a><\/div><\/div>","protected":false},"excerpt":{"rendered":"<p>LATINA &#8211;\u00a0 Il regista di Latina Gianfranco Pannone, per l&#8217; impegno nel cinema del reale, \u00e8 uno dei due due autori ai quali i giornalisti cinematografici hanno assegnato i\u00a0Premi speciali dei 70 anni del Sindacato e dei Nastri d\u2019Argento. Un riconoscimento che vuole sottolineare l&#8217;importanza del documentario come sguardo sulla vita quotidiana.\u00a0Per Pannone il premio [&hellip;]<\/p>\n","protected":false},"author":62,"featured_media":126709,"comment_status":"open","ping_status":"closed","sticky":false,"template":"","format":"standard","meta":{"footnotes":""},"categories":[15],"tags":[],"class_list":["post-174167","post","type-post","status-publish","format-standard","has-post-thumbnail","hentry","category-cultura"],"_links":{"self":[{"href":"https:\/\/www.radioluna.it\/news\/wp-json\/wp\/v2\/posts\/174167","targetHints":{"allow":["GET"]}}],"collection":[{"href":"https:\/\/www.radioluna.it\/news\/wp-json\/wp\/v2\/posts"}],"about":[{"href":"https:\/\/www.radioluna.it\/news\/wp-json\/wp\/v2\/types\/post"}],"author":[{"embeddable":true,"href":"https:\/\/www.radioluna.it\/news\/wp-json\/wp\/v2\/users\/62"}],"replies":[{"embeddable":true,"href":"https:\/\/www.radioluna.it\/news\/wp-json\/wp\/v2\/comments?post=174167"}],"version-history":[{"count":0,"href":"https:\/\/www.radioluna.it\/news\/wp-json\/wp\/v2\/posts\/174167\/revisions"}],"wp:featuredmedia":[{"embeddable":true,"href":"https:\/\/www.radioluna.it\/news\/wp-json\/wp\/v2\/media\/126709"}],"wp:attachment":[{"href":"https:\/\/www.radioluna.it\/news\/wp-json\/wp\/v2\/media?parent=174167"}],"wp:term":[{"taxonomy":"category","embeddable":true,"href":"https:\/\/www.radioluna.it\/news\/wp-json\/wp\/v2\/categories?post=174167"},{"taxonomy":"post_tag","embeddable":true,"href":"https:\/\/www.radioluna.it\/news\/wp-json\/wp\/v2\/tags?post=174167"}],"curies":[{"name":"wp","href":"https:\/\/api.w.org\/{rel}","templated":true}]}}