{"id":174182,"date":"2016-02-16T16:57:38","date_gmt":"2016-02-16T15:57:38","guid":{"rendered":"http:\/\/www.radioluna.it\/news\/?p=174182"},"modified":"2016-02-17T07:23:26","modified_gmt":"2016-02-17T06:23:26","slug":"calderoni-andiamo-a-bari-per-fare-risultato","status":"publish","type":"post","link":"https:\/\/www.radioluna.it\/news\/2016\/02\/calderoni-andiamo-a-bari-per-fare-risultato\/","title":{"rendered":"Calderoni: andiamo a Bari per fare risultato"},"content":{"rendered":"<div id=\"fb-root\"><\/div>\n<p><a href=\"http:\/\/www.radioluna.it\/news\/wp-content\/uploads\/2016\/02\/Calderoni.jpg\"><img loading=\"lazy\" decoding=\"async\" class=\"aligncenter size-thumbnail wp-image-174184\" src=\"http:\/\/www.radioluna.it\/news\/wp-content\/uploads\/2016\/02\/Calderoni-635x423.jpg\" alt=\"Calderoni\" width=\"635\" height=\"423\" srcset=\"https:\/\/www.radioluna.it\/news\/wp-content\/uploads\/2016\/02\/Calderoni-635x423.jpg 635w, https:\/\/www.radioluna.it\/news\/wp-content\/uploads\/2016\/02\/Calderoni-500x333.jpg 500w, https:\/\/www.radioluna.it\/news\/wp-content\/uploads\/2016\/02\/Calderoni-600x400.jpg 600w, https:\/\/www.radioluna.it\/news\/wp-content\/uploads\/2016\/02\/Calderoni-300x200.jpg 300w, https:\/\/www.radioluna.it\/news\/wp-content\/uploads\/2016\/02\/Calderoni.jpg 720w\" sizes=\"auto, (max-width: 635px) 100vw, 635px\" \/><\/a><\/p>\n<p style=\"text-align: justify;\"><strong>LATINA<\/strong> &#8211; La sconfitta maturata contro il Cagliari non intacca la fiducia di andare al San Nicola per fare risultato e dare un senso ai progressi del Latina da un mese a questa parte. &lt;Arriviamo a questa gara per nulla ridimensionati dal ko di sabato&gt;, ha detto oggi Marco Calderoni in conferenza stampa al Francioni. &lt;Non dimentichiamoci che\u00a0abbiamo affrontato la squadra pi\u00f9 forte di questo campionato e nel complesso in questo girone di ritorno stiamo facendo bene, abbiamo unito le prestazioni ai risultati e la reazione avuta contro il Cagliari, dopo essere andati in svantaggio ha confermato il nostro stato di salute fisica e mentale. Siamo un gruppo molto affiatato e questo si vede anche in campo, dove ci aiutiamo l\u2019uno con l\u2019altro&gt;. Sulle insidie della sfida di venerd\u00ec&#8217; dove il Latina ha conquistato una vittoria, una sconfitta e un pareggio nella semifinale play off, Calderoni \u00e8 consapevole che \u00e8 una gara estremamente delicata. \u00a0&lt;Se andiamo a vedere\u00a0il parco giocatori la ritengo inferiore soltanto al Cagliari e poi troveremo molto pubblico, insomma sar\u00e0 dura ma scenderemo in campo con la voglia di fare risultato e sar\u00e0 importante non perdere&gt;. Calderoni parla anche da ex. \u00a0&lt;Ci tengo parecchio a questa partita: a Bari sono stato bene, ho bei ricordi della gente barese, ma adesso sto con il Latina e il mio primo pensiero \u00e8 fare bene per i colori nerazzurri&gt;. Calderoni ha chiuso poi parlando anche di Daniele Corvia, l&#8217;attaccante nerazzurro che ha sbagliato un rigore contro il Cagliari (sul 3-1 per sardi) che poteva riaprire la partita. Al momento della sostituzione Corvia \u00e8 stato fischiato dal pubblico.\u00a0&lt;Sono con Daniele &#8211; ha detto Calderoni &#8211; \u00a0e mi \u00e8 dispiaciuto molto sentire i fischi dopo la sua uscita dal campo sabato. E\u2019 vero che i tifosi hanno il diritto di criticare quando le cose non vanno bene, ma una persona in difficolt\u00e0 non si aiuta fischiandola. Daniele ci tiene davvero molto, sabato era abbattuto per il rigore sbagliato: Corvia per noi \u00e8 fondamentale dentro e fuori dal campo, nello spogliatoio gli vogliamo tutti un gran bene e va aiutato. Spero che il nostro pubblico lo capisca e riprenda a sostenerlo&gt;. E proprio ieri infatti nel campo dove si stava allenando il Latina \u00e8 stato attaccato uno striscione a favore di Daniele Corvia per sostenerlo in questo momento non facile.<\/p>\n","protected":false},"excerpt":{"rendered":"<p>LATINA &#8211; La sconfitta maturata contro il Cagliari non intacca la fiducia di andare al San Nicola per fare risultato e dare un senso ai progressi del Latina da un mese a questa parte. &lt;Arriviamo a questa gara per nulla ridimensionati dal ko di sabato&gt;, ha detto oggi Marco Calderoni in conferenza stampa al Francioni. [&hellip;]<\/p>\n","protected":false},"author":60,"featured_media":174194,"comment_status":"open","ping_status":"closed","sticky":false,"template":"","format":"standard","meta":{"footnotes":""},"categories":[17],"tags":[],"class_list":["post-174182","post","type-post","status-publish","format-standard","has-post-thumbnail","hentry","category-sport"],"_links":{"self":[{"href":"https:\/\/www.radioluna.it\/news\/wp-json\/wp\/v2\/posts\/174182","targetHints":{"allow":["GET"]}}],"collection":[{"href":"https:\/\/www.radioluna.it\/news\/wp-json\/wp\/v2\/posts"}],"about":[{"href":"https:\/\/www.radioluna.it\/news\/wp-json\/wp\/v2\/types\/post"}],"author":[{"embeddable":true,"href":"https:\/\/www.radioluna.it\/news\/wp-json\/wp\/v2\/users\/60"}],"replies":[{"embeddable":true,"href":"https:\/\/www.radioluna.it\/news\/wp-json\/wp\/v2\/comments?post=174182"}],"version-history":[{"count":0,"href":"https:\/\/www.radioluna.it\/news\/wp-json\/wp\/v2\/posts\/174182\/revisions"}],"wp:featuredmedia":[{"embeddable":true,"href":"https:\/\/www.radioluna.it\/news\/wp-json\/wp\/v2\/media\/174194"}],"wp:attachment":[{"href":"https:\/\/www.radioluna.it\/news\/wp-json\/wp\/v2\/media?parent=174182"}],"wp:term":[{"taxonomy":"category","embeddable":true,"href":"https:\/\/www.radioluna.it\/news\/wp-json\/wp\/v2\/categories?post=174182"},{"taxonomy":"post_tag","embeddable":true,"href":"https:\/\/www.radioluna.it\/news\/wp-json\/wp\/v2\/tags?post=174182"}],"curies":[{"name":"wp","href":"https:\/\/api.w.org\/{rel}","templated":true}]}}