{"id":174313,"date":"2016-02-19T11:32:51","date_gmt":"2016-02-19T10:32:51","guid":{"rendered":"http:\/\/www.radioluna.it\/news\/?p=174313"},"modified":"2016-02-19T11:32:51","modified_gmt":"2016-02-19T10:32:51","slug":"gli-sbandieratori-di-cori-al-carnevale-di-nizza","status":"publish","type":"post","link":"https:\/\/www.radioluna.it\/news\/2016\/02\/gli-sbandieratori-di-cori-al-carnevale-di-nizza\/","title":{"rendered":"Gli Sbandieratori di Cori al Carnevale di Nizza"},"content":{"rendered":"<div id=\"fb-root\"><\/div>\n<p style=\"text-align: justify;\"><strong><a href=\"http:\/\/www.radioluna.it\/news\/wp-content\/uploads\/2016\/02\/sbandieratori.jpg\"><img loading=\"lazy\" decoding=\"async\" class=\"aligncenter size-thumbnail wp-image-174314\" src=\"http:\/\/www.radioluna.it\/news\/wp-content\/uploads\/2016\/02\/sbandieratori-689x459.jpg\" alt=\"sbandieratori\" width=\"689\" height=\"459\" srcset=\"https:\/\/www.radioluna.it\/news\/wp-content\/uploads\/2016\/02\/sbandieratori-689x459.jpg 689w, https:\/\/www.radioluna.it\/news\/wp-content\/uploads\/2016\/02\/sbandieratori-768x512.jpg 768w, https:\/\/www.radioluna.it\/news\/wp-content\/uploads\/2016\/02\/sbandieratori-500x333.jpg 500w, https:\/\/www.radioluna.it\/news\/wp-content\/uploads\/2016\/02\/sbandieratori-600x400.jpg 600w, https:\/\/www.radioluna.it\/news\/wp-content\/uploads\/2016\/02\/sbandieratori-300x200.jpg 300w, https:\/\/www.radioluna.it\/news\/wp-content\/uploads\/2016\/02\/sbandieratori-1024x683.jpg 1024w, https:\/\/www.radioluna.it\/news\/wp-content\/uploads\/2016\/02\/sbandieratori-800x534.jpg 800w, https:\/\/www.radioluna.it\/news\/wp-content\/uploads\/2016\/02\/sbandieratori.jpg 1000w\" sizes=\"auto, (max-width: 689px) 100vw, 689px\" \/><\/a>CORI<\/strong> &#8211;\u00a0Dopo i successi del 2014 e del 2015, da oggi \u00a0al 25 Febbraio, gli Sbandieratori dei Rioni di Cori (50TH) tornano ad esibirsi al Carnaval de Nice (Nizza-Francia), l\u2019evento invernale pi\u00f9 importante della Costa Azzurra, uno dei pi\u00f9 grandiosi carnevali del mondo, giunto alla sua 132^ edizione.<br \/>\nIl corteo degli alfieri di Cori sfiler\u00e0 insieme ai 18 mascheroni allegorici, \u00a0mille ballerini, musicisti, animatori, artisti circensi e di strada, provenienti da tutti i continenti.<\/p>\n<div class=\"radio-posizionamento-telefono-in-articoli-dopo-il-contenuto-articolo radio-entity-placement\" id=\"radio-596920864\"><div id=\"radio-1699102143\"><a href=\"https:\/\/grupporedi.it\/\" aria-label=\"Redi-Qr\"><img loading=\"lazy\" decoding=\"async\" src=\"https:\/\/www.radioluna.it\/news\/wp-content\/uploads\/2026\/03\/Redi-Qr.jpg\" alt=\"\"  srcset=\"https:\/\/www.radioluna.it\/news\/wp-content\/uploads\/2026\/03\/Redi-Qr.jpg 800w, https:\/\/www.radioluna.it\/news\/wp-content\/uploads\/2026\/03\/Redi-Qr-768x639.jpg 768w\" sizes=\"(max-width: 800px) 100vw, 800px\" width=\"300\" height=\"250\"   \/><\/a><\/div><\/div>","protected":false},"excerpt":{"rendered":"<p>CORI &#8211;\u00a0Dopo i successi del 2014 e del 2015, da oggi \u00a0al 25 Febbraio, gli Sbandieratori dei Rioni di Cori (50TH) tornano ad esibirsi al Carnaval de Nice (Nizza-Francia), l\u2019evento invernale pi\u00f9 importante della Costa Azzurra, uno dei pi\u00f9 grandiosi carnevali del mondo, giunto alla sua 132^ edizione. Il corteo degli alfieri di Cori sfiler\u00e0 [&hellip;]<\/p>\n","protected":false},"author":62,"featured_media":174314,"comment_status":"open","ping_status":"closed","sticky":false,"template":"","format":"standard","meta":{"footnotes":""},"categories":[16],"tags":[],"class_list":["post-174313","post","type-post","status-publish","format-standard","has-post-thumbnail","hentry","category-appuntamenti"],"_links":{"self":[{"href":"https:\/\/www.radioluna.it\/news\/wp-json\/wp\/v2\/posts\/174313","targetHints":{"allow":["GET"]}}],"collection":[{"href":"https:\/\/www.radioluna.it\/news\/wp-json\/wp\/v2\/posts"}],"about":[{"href":"https:\/\/www.radioluna.it\/news\/wp-json\/wp\/v2\/types\/post"}],"author":[{"embeddable":true,"href":"https:\/\/www.radioluna.it\/news\/wp-json\/wp\/v2\/users\/62"}],"replies":[{"embeddable":true,"href":"https:\/\/www.radioluna.it\/news\/wp-json\/wp\/v2\/comments?post=174313"}],"version-history":[{"count":0,"href":"https:\/\/www.radioluna.it\/news\/wp-json\/wp\/v2\/posts\/174313\/revisions"}],"wp:featuredmedia":[{"embeddable":true,"href":"https:\/\/www.radioluna.it\/news\/wp-json\/wp\/v2\/media\/174314"}],"wp:attachment":[{"href":"https:\/\/www.radioluna.it\/news\/wp-json\/wp\/v2\/media?parent=174313"}],"wp:term":[{"taxonomy":"category","embeddable":true,"href":"https:\/\/www.radioluna.it\/news\/wp-json\/wp\/v2\/categories?post=174313"},{"taxonomy":"post_tag","embeddable":true,"href":"https:\/\/www.radioluna.it\/news\/wp-json\/wp\/v2\/tags?post=174313"}],"curies":[{"name":"wp","href":"https:\/\/api.w.org\/{rel}","templated":true}]}}