{"id":174538,"date":"2016-02-22T13:42:26","date_gmt":"2016-02-22T12:42:26","guid":{"rendered":"http:\/\/www.radioluna.it\/news\/?p=174538"},"modified":"2016-02-25T08:15:02","modified_gmt":"2016-02-25T07:15:02","slug":"incidente-mortale-sulla-pontina-al-km-65-morto-un-uomo-ferito-un-bambino","status":"publish","type":"post","link":"https:\/\/www.radioluna.it\/news\/2016\/02\/incidente-mortale-sulla-pontina-al-km-65-morto-un-uomo-ferito-un-bambino\/","title":{"rendered":"Incidente sulla Pontina al km 65, muore un uomo di Aprilia, ferito gravemente un bambino"},"content":{"rendered":"<div id=\"fb-root\"><\/div>\n<p style=\"text-align: justify;\"><strong><a href=\"http:\/\/www.radioluna.it\/news\/wp-content\/uploads\/2016\/02\/contro1.jpg\"><img loading=\"lazy\" decoding=\"async\" class=\"aligncenter size-thumbnail wp-image-174546\" src=\"http:\/\/www.radioluna.it\/news\/wp-content\/uploads\/2016\/02\/contro1-689x388.jpg\" alt=\"contro\" width=\"689\" height=\"388\" srcset=\"https:\/\/www.radioluna.it\/news\/wp-content\/uploads\/2016\/02\/contro1-689x388.jpg 689w, https:\/\/www.radioluna.it\/news\/wp-content\/uploads\/2016\/02\/contro1-768x432.jpg 768w, https:\/\/www.radioluna.it\/news\/wp-content\/uploads\/2016\/02\/contro1-500x281.jpg 500w, https:\/\/www.radioluna.it\/news\/wp-content\/uploads\/2016\/02\/contro1-300x169.jpg 300w, https:\/\/www.radioluna.it\/news\/wp-content\/uploads\/2016\/02\/contro1-1024x576.jpg 1024w, https:\/\/www.radioluna.it\/news\/wp-content\/uploads\/2016\/02\/contro1-800x450.jpg 800w, https:\/\/www.radioluna.it\/news\/wp-content\/uploads\/2016\/02\/contro1.jpg 1000w\" sizes=\"auto, (max-width: 689px) 100vw, 689px\" \/><\/a>LATINA<\/strong> &#8211; Incidente mortale sulla Pontina al km 65,200. Nello scontro tra due auto \u00a0avvenuto all&#8217;altezza di Borgo Piave sulla corsia nord ha perso la vita un automobilista di 58 anni, di Aprilia, Rocco D&#8217;Antona. Ferito gravemente un bambino di sei mesi trasportato in eliambulanza al Gemelli di Roma, il pap\u00e0 del piccolo \u00e8 stato ricoverato al Goretti, non \u00e8 in pericolo di vita. I tre viaggiavano su due\u00a0Citroen, \u00a0una C3 e una C4 entrambe di colore grigio metallizzato che si sono scontrate violentemente. Sul posto i sanitari del 118, vigili del fuoco e la Polizia Stradale di Aprilia. L&#8217;arteria \u00e8 rimasta a lungo\u00a0bloccata in direzione di Roma, con notevoli ripercussioni sul traffico.<\/p>\n<p style=\"text-align: justify;\">Secondo la prima ricostruzione degli agenti coordinati dal comandante della stradale di Aprilia, Massimiliano Corradini, la C3 guidata dal 58enne di Aprilia, era in un&#8217;area di sosta stradale quando \u00e8 stata speronata dalla C4 che sopraggiungeva. Drammatiche le conseguenze dell&#8217;urto. Alla guida della C4 un ragazzo di 27 anni di Latina e suo figlio, di sei mesi, che nonostante fosse legato sul seggiolino posizionato sul \u00a0sedile posteriore ha urtato violentemente la testa. Le condizioni del piccolo sono molto delicate, \u00e8 gi\u00e0 stato sottoposto a un delicato intervento chirurgico al Gemelli di Roma.<\/p>\n<p style=\"text-align: justify;\">\n<div class=\"radio-posizionamento-telefono-in-articoli-dopo-il-contenuto-articolo radio-entity-placement\" id=\"radio-1875305415\"><div id=\"radio-736471228\"><a href=\"https:\/\/grupporedi.it\/\" aria-label=\"Redi-Qr\"><img loading=\"lazy\" decoding=\"async\" src=\"https:\/\/www.radioluna.it\/news\/wp-content\/uploads\/2026\/03\/Redi-Qr.jpg\" alt=\"\"  srcset=\"https:\/\/www.radioluna.it\/news\/wp-content\/uploads\/2026\/03\/Redi-Qr.jpg 800w, https:\/\/www.radioluna.it\/news\/wp-content\/uploads\/2026\/03\/Redi-Qr-768x639.jpg 768w\" sizes=\"(max-width: 800px) 100vw, 800px\" width=\"300\" height=\"250\"   \/><\/a><\/div><\/div>","protected":false},"excerpt":{"rendered":"<p>LATINA &#8211; Incidente mortale sulla Pontina al km 65,200. Nello scontro tra due auto \u00a0avvenuto all&#8217;altezza di Borgo Piave sulla corsia nord ha perso la vita un automobilista di 58 anni, di Aprilia, Rocco D&#8217;Antona. Ferito gravemente un bambino di sei mesi trasportato in eliambulanza al Gemelli di Roma, il pap\u00e0 del piccolo \u00e8 stato [&hellip;]<\/p>\n","protected":false},"author":62,"featured_media":174545,"comment_status":"open","ping_status":"closed","sticky":false,"template":"","format":"standard","meta":{"footnotes":""},"categories":[7],"tags":[],"class_list":["post-174538","post","type-post","status-publish","format-standard","has-post-thumbnail","hentry","category-cronaca"],"_links":{"self":[{"href":"https:\/\/www.radioluna.it\/news\/wp-json\/wp\/v2\/posts\/174538","targetHints":{"allow":["GET"]}}],"collection":[{"href":"https:\/\/www.radioluna.it\/news\/wp-json\/wp\/v2\/posts"}],"about":[{"href":"https:\/\/www.radioluna.it\/news\/wp-json\/wp\/v2\/types\/post"}],"author":[{"embeddable":true,"href":"https:\/\/www.radioluna.it\/news\/wp-json\/wp\/v2\/users\/62"}],"replies":[{"embeddable":true,"href":"https:\/\/www.radioluna.it\/news\/wp-json\/wp\/v2\/comments?post=174538"}],"version-history":[{"count":0,"href":"https:\/\/www.radioluna.it\/news\/wp-json\/wp\/v2\/posts\/174538\/revisions"}],"wp:featuredmedia":[{"embeddable":true,"href":"https:\/\/www.radioluna.it\/news\/wp-json\/wp\/v2\/media\/174545"}],"wp:attachment":[{"href":"https:\/\/www.radioluna.it\/news\/wp-json\/wp\/v2\/media?parent=174538"}],"wp:term":[{"taxonomy":"category","embeddable":true,"href":"https:\/\/www.radioluna.it\/news\/wp-json\/wp\/v2\/categories?post=174538"},{"taxonomy":"post_tag","embeddable":true,"href":"https:\/\/www.radioluna.it\/news\/wp-json\/wp\/v2\/tags?post=174538"}],"curies":[{"name":"wp","href":"https:\/\/api.w.org\/{rel}","templated":true}]}}