{"id":174602,"date":"2016-02-23T17:42:50","date_gmt":"2016-02-23T16:42:50","guid":{"rendered":"http:\/\/www.radioluna.it\/news\/?p=174602"},"modified":"2016-02-23T20:45:57","modified_gmt":"2016-02-23T19:45:57","slug":"sperlonga-intimidazione-al-consigliere-di-fazio","status":"publish","type":"post","link":"https:\/\/www.radioluna.it\/news\/2016\/02\/sperlonga-intimidazione-al-consigliere-di-fazio\/","title":{"rendered":"Sperlonga, intimidazione al consigliere Di Fazio"},"content":{"rendered":"<div id=\"fb-root\"><\/div>\n<p style=\"text-align: justify;\"><a href=\"http:\/\/www.radioluna.it\/news\/wp-content\/uploads\/2016\/02\/Benito-Di-Fazio-.jpg\"><img loading=\"lazy\" decoding=\"async\" class=\"aligncenter size-thumbnail wp-image-174613\" src=\"http:\/\/www.radioluna.it\/news\/wp-content\/uploads\/2016\/02\/Benito-Di-Fazio--689x452.jpg\" alt=\"Benito Di Fazio\" width=\"689\" height=\"452\" srcset=\"https:\/\/www.radioluna.it\/news\/wp-content\/uploads\/2016\/02\/Benito-Di-Fazio--689x452.jpg 689w, https:\/\/www.radioluna.it\/news\/wp-content\/uploads\/2016\/02\/Benito-Di-Fazio--768x504.jpg 768w, https:\/\/www.radioluna.it\/news\/wp-content\/uploads\/2016\/02\/Benito-Di-Fazio--500x328.jpg 500w, https:\/\/www.radioluna.it\/news\/wp-content\/uploads\/2016\/02\/Benito-Di-Fazio--300x197.jpg 300w, https:\/\/www.radioluna.it\/news\/wp-content\/uploads\/2016\/02\/Benito-Di-Fazio--1024x672.jpg 1024w, https:\/\/www.radioluna.it\/news\/wp-content\/uploads\/2016\/02\/Benito-Di-Fazio--800x525.jpg 800w, https:\/\/www.radioluna.it\/news\/wp-content\/uploads\/2016\/02\/Benito-Di-Fazio-.jpg 1000w\" sizes=\"auto, (max-width: 689px) 100vw, 689px\" \/><\/a><\/p>\n<p style=\"text-align: justify;\"><strong>SPERLONGA<\/strong> &#8211; Una scritta nera intimidatoria \u00e8 comparsa nella notte accanto al portone dell&#8217;abitazione del consigliere comunale di Sperlonga Benito Di Fazio, da sempre in prima linea per le battaglie a favore della legalit\u00e0. Sul caso indagano i carabinieri dopo la denuncia che \u00e8 stata presentata da Di Fazio che ha ricevuto la solidariet\u00e0 dall&#8217;associazione Caponnetto di cui \u00e8 componente.<\/p>\n","protected":false},"excerpt":{"rendered":"<p>SPERLONGA &#8211; Una scritta nera intimidatoria \u00e8 comparsa nella notte accanto al portone dell&#8217;abitazione del consigliere comunale di Sperlonga Benito Di Fazio, da sempre in prima linea per le battaglie a favore della legalit\u00e0. Sul caso indagano i carabinieri dopo la denuncia che \u00e8 stata presentata da Di Fazio che ha ricevuto la solidariet\u00e0 dall&#8217;associazione [&hellip;]<\/p>\n","protected":false},"author":60,"featured_media":174613,"comment_status":"open","ping_status":"closed","sticky":false,"template":"","format":"standard","meta":{"footnotes":""},"categories":[7],"tags":[],"class_list":["post-174602","post","type-post","status-publish","format-standard","has-post-thumbnail","hentry","category-cronaca"],"_links":{"self":[{"href":"https:\/\/www.radioluna.it\/news\/wp-json\/wp\/v2\/posts\/174602","targetHints":{"allow":["GET"]}}],"collection":[{"href":"https:\/\/www.radioluna.it\/news\/wp-json\/wp\/v2\/posts"}],"about":[{"href":"https:\/\/www.radioluna.it\/news\/wp-json\/wp\/v2\/types\/post"}],"author":[{"embeddable":true,"href":"https:\/\/www.radioluna.it\/news\/wp-json\/wp\/v2\/users\/60"}],"replies":[{"embeddable":true,"href":"https:\/\/www.radioluna.it\/news\/wp-json\/wp\/v2\/comments?post=174602"}],"version-history":[{"count":0,"href":"https:\/\/www.radioluna.it\/news\/wp-json\/wp\/v2\/posts\/174602\/revisions"}],"wp:featuredmedia":[{"embeddable":true,"href":"https:\/\/www.radioluna.it\/news\/wp-json\/wp\/v2\/media\/174613"}],"wp:attachment":[{"href":"https:\/\/www.radioluna.it\/news\/wp-json\/wp\/v2\/media?parent=174602"}],"wp:term":[{"taxonomy":"category","embeddable":true,"href":"https:\/\/www.radioluna.it\/news\/wp-json\/wp\/v2\/categories?post=174602"},{"taxonomy":"post_tag","embeddable":true,"href":"https:\/\/www.radioluna.it\/news\/wp-json\/wp\/v2\/tags?post=174602"}],"curies":[{"name":"wp","href":"https:\/\/api.w.org\/{rel}","templated":true}]}}