{"id":174662,"date":"2016-02-26T08:15:46","date_gmt":"2016-02-26T07:15:46","guid":{"rendered":"http:\/\/www.radioluna.it\/news\/?p=174662"},"modified":"2016-02-29T12:34:59","modified_gmt":"2016-02-29T11:34:59","slug":"armando-macali-rientra-dallantartide-missione-compiuta-straordinaria-esperienza-soprattutto-umana","status":"publish","type":"post","link":"https:\/\/www.radioluna.it\/news\/2016\/02\/armando-macali-rientra-dallantartide-missione-compiuta-straordinaria-esperienza-soprattutto-umana\/","title":{"rendered":"Armando Macali rientra dall&#8217;Antartide: &#8220;Missione compiuta. Straordinaria esperienza soprattutto umana&#8221;"},"content":{"rendered":"<div id=\"fb-root\"><\/div>\n<p style=\"text-align: justify;\"><strong><a href=\"http:\/\/www.radioluna.it\/news\/wp-content\/uploads\/2016\/01\/armando-Macali-in-Antartide.jpg\"><img loading=\"lazy\" decoding=\"async\" class=\"aligncenter size-thumbnail wp-image-172440\" src=\"http:\/\/www.radioluna.it\/news\/wp-content\/uploads\/2016\/01\/armando-Macali-in-Antartide-635x476.jpg\" alt=\"armando Macali in Antartide\" width=\"635\" height=\"476\" srcset=\"https:\/\/www.radioluna.it\/news\/wp-content\/uploads\/2016\/01\/armando-Macali-in-Antartide-635x476.jpg 635w, https:\/\/www.radioluna.it\/news\/wp-content\/uploads\/2016\/01\/armando-Macali-in-Antartide-768x576.jpg 768w, https:\/\/www.radioluna.it\/news\/wp-content\/uploads\/2016\/01\/armando-Macali-in-Antartide-500x375.jpg 500w, https:\/\/www.radioluna.it\/news\/wp-content\/uploads\/2016\/01\/armando-Macali-in-Antartide-300x225.jpg 300w, https:\/\/www.radioluna.it\/news\/wp-content\/uploads\/2016\/01\/armando-Macali-in-Antartide-800x600.jpg 800w, https:\/\/www.radioluna.it\/news\/wp-content\/uploads\/2016\/01\/armando-Macali-in-Antartide.jpg 960w\" sizes=\"auto, (max-width: 635px) 100vw, 635px\" \/><\/a>LATINA<\/strong> &#8211;\u00a0\u201cPensavo sarebbe stata un&#8217;importante esperienza scientifica e di viaggio, ma \u00e8 stata prima di tutto un&#8217;incredibile esperienza umana e sociologica\u201d. Armando Macali dopo due mesi trascorsi in Antartide assegnato alla XXXI Spedizione Italiana dell&#8217;Enea per fare ricerca sugli organismi marini, \u00e8 tornato a casa, a Latina. Abbiamo raccolto il suo racconto. Ascolta<\/p>\n<audio class=\"wp-audio-shortcode\" id=\"audio-174662-1\" preload=\"none\" style=\"width: 100%;\" controls=\"controls\"><source type=\"audio\/mpeg\" src=\"http:\/\/www.radioluna.it\/news\/wp-content\/uploads\/2016\/02\/armando-macali-1-per-sito.mp3?_=1\" \/><a href=\"http:\/\/www.radioluna.it\/news\/wp-content\/uploads\/2016\/02\/armando-macali-1-per-sito.mp3\">http:\/\/www.radioluna.it\/news\/wp-content\/uploads\/2016\/02\/armando-macali-1-per-sito.mp3<\/a><\/audio>\n<p style=\"text-align: justify;\"><strong>NATURA E INTROSPEZIONE<\/strong> &#8211; <strong>Sei tornato da quattro giorni, che effetto fa?<\/strong><\/p>\n<p style=\"text-align: justify;\">\u201cNon nego di aver rischiato un attacco di ansia, al ritorno. Dal punto di vista emotivo e personale non \u00e8 facile tornare da ambienti cos\u00ec suggestivi dove vivi in continuo ascolto di te stesso e della natura. Si fa un esercizio quotidiano di introspezione. Il rientro in un contesto in cui questa attivit\u00e0 \u00e8 impedita dal consumismo e dallo stile di vita in genere, non \u00e8 facile. A Londra per esempio, la prima cosa che ho visto \u00e8 stata la fila per comprare un paio di scarpe. L\u00ec, invece, la ricchezza \u00e8 altro. Solo per dire, c&#8217;\u00e8 un sito dove si trova una vena d&#8217;oro, all&#8217;aperto. Nessuno la tocca, \u00e8 integra\u201d.<\/p>\n<p style=\"text-align: justify;\"><strong>I PINGUINI<\/strong> &#8211;\u00a0Un viaggio speciale quello del biologo marino, a cominciare dal buffo benvenuto dei pinguini in fila a contemplare la rompighiaccio Italica appena sbarcata a Baia Terranova, intorno a Natale.<\/p>\n<p style=\"text-align: justify;\"><strong>Qual \u00e8 la cosa pi\u00f9 divertente che ti \u00e8 capitata?<\/strong><\/p>\n<p style=\"text-align: justify;\">\u201cI pinguini sono la cosa pi\u00f9 divertente in assoluto, la forma di vita pi\u00f9 curiosa che esista. Non temono l&#8217;uomo, si avvicinano attirati dai lacci delle scarpe, discutono per gli oggetti lasciati a terra. E&#8217; successo con la mia macchina fotografica: in cinque hanno formato un capannello, la beccavano e si guardavano fra loro discutendo su che cosa fosse\u201d.<br \/>\nQuasi mostruosa invece l&#8217;immagine offerta dalla pinguinaia: uno sconfinato cimitero fatto di piccoli di pinguino mummificati dal freddo o mangiati dai predatori: \u201cIl luogo in cui avviene la cova delle uova \u00e8 una zona di riserva e ho potuto accedervi sempre per ragioni scientifiche. Mi aspettavo un luogo di vita, ho trovato un inquietante luogo di morte\u201d.<br \/>\n<strong>L&#8217;INCIDENTE<\/strong> \u2013 L&#8217;Antartide \u00e8 l&#8217;ambiente estremo per eccellenza, ovvio che non sia stato tutto facile e bello. I polmoni che bruciano dopo l&#8217;attivit\u00e0 fisica per l&#8217;assenza di umidit\u00e0, ustioni sulla pelle. Le temperature molto sotto lo zero anche in piena estate, il sole violento riverberato dalla banchisa che pu\u00f2 rendere ciechi, le improvvise tempeste di neve e quelle marine, oltre ad alcuni incidenti da brivido. Tutto questo \u00e8 l&#8217;altro bagaglio di esperienze maturato.<\/p>\n<p style=\"text-align: justify;\"><strong>C&#8217;\u00e8 stata una volta in cui hai avuto paura?<\/strong><\/p>\n<p style=\"text-align: justify;\">\u201cQualche idea di ambienti estremi l&#8217;avevo, ma non ero assolutamente preparato a quello che ho trovato. Per esempio mi \u00e8 capitato di avere un incidente. Ero uscito con un pick up di servizio per spostarmi all&#8217;interno della base mentre era in atto una forte tempesta , con masse di neve che arrivavano dalle montagne spostate dal vento a 50 nodi. Avevo deciso di rientrare, ma ho lasciato la parte posteriore dell&#8217;auto esposta al vento e in un attimo una raffica ha sfondato il lunotto posteriore e me lo ha scaraventando addosso. La macchina si \u00e8 velocemente riempita di neve. E&#8217; stato piuttosto critico, ma per fortuna \u00e8 andata bene\u201d.<\/p>\n<p style=\"text-align: justify;\"><strong><a href=\"http:\/\/www.radioluna.it\/news\/wp-content\/uploads\/2016\/02\/armando-con-pesce1.jpg\"><img loading=\"lazy\" decoding=\"async\" class=\"wp-image-174665 alignleft\" src=\"http:\/\/www.radioluna.it\/news\/wp-content\/uploads\/2016\/02\/armando-con-pesce1.jpg\" alt=\"armando-con-pesce\" width=\"446\" height=\"460\" srcset=\"https:\/\/www.radioluna.it\/news\/wp-content\/uploads\/2016\/02\/armando-con-pesce1.jpg 538w, https:\/\/www.radioluna.it\/news\/wp-content\/uploads\/2016\/02\/armando-con-pesce1-500x516.jpg 500w, https:\/\/www.radioluna.it\/news\/wp-content\/uploads\/2016\/02\/armando-con-pesce1-291x300.jpg 291w, https:\/\/www.radioluna.it\/news\/wp-content\/uploads\/2016\/02\/armando-con-pesce1-300x309.jpg 300w\" sizes=\"auto, (max-width: 446px) 100vw, 446px\" \/><\/a>LA MISSIONE<\/strong> &#8211; <strong>Ricordiamo il motivo della tua partecipazione alla Spedizione Italiana?\u00a0<\/strong><\/p>\n<p style=\"text-align: justify;\">&#8220;Il progetto di ricerca di cui faccio parte prevede lo studio dell&#8217;ecologica di particolari parassiti di pesci che sono bio-indicatori importanti per valutare lo stato di salute dei mari&#8221;.<\/p>\n<p style=\"text-align: justify;\"><strong>REGOLA DI BASE: CONDIVIDERE<\/strong>\u00a0\u2013 <strong>Hai detto \u00e8 stata un&#8217;esperienza umana fortissima, quasi un ribaltamento dell&#8217;ordine di importanza delle cose.<\/strong><br \/>\n\u201cS\u00ec, quello che mi ha pi\u00f9 impressionato \u00e8 stato come in un ambiente cos\u00ec estremo la dignit\u00e0 del singolo non dipenda pi\u00f9 dall&#8217;immagine e dal ruolo, ma dalla capacit\u00e0 di rendersi utile agli altri. Nella spedizione ci sono dal carpentiere all&#8217;idraulico, all&#8217;ingegnere, fino ai ricercatori. Tra queste figure c&#8217;\u00e8 una sinergia totale, totale \u00e8 la condivisione di conoscenze. In quel contesto serve solo saper risolvere i problemi che si presentano e che non sono facili. Oggi questo mi manca e anche i ricordi, senza avere qualcuno con cui condividerli, rischiano di diventare meno forti\u201d.<\/p>\n<p style=\"text-align: justify;\"><strong>IN FUTURO<\/strong> \u2013 Davanti c&#8217;\u00e8 un anno di lavoro durissimo. Il dottorato di ricerca da terminare, le migliaia di larve da estrarre e campionare in laboratorio per dare senso alla campagna di ricerca e un viaggetto al Polo Nord con un importante fotografo naturalista.<\/p>\n<p><strong style=\"line-height: 1.5;\">Poi?\u00a0<\/strong><\/p>\n<p>Poi, spero proprio di tornare in Antartide.<br \/>\n<strong>Sogno o progetto? <\/strong><\/p>\n<p>Sorride. Credo di avere qualche possibilit\u00e0.<\/p>\n<div class=\"radio-posizionamento-telefono-in-articoli-dopo-il-contenuto-articolo radio-entity-placement\" id=\"radio-2919343869\"><div id=\"radio-3789518106\"><a href=\"https:\/\/grupporedi.it\/\" aria-label=\"Redi-Qr\"><img loading=\"lazy\" decoding=\"async\" src=\"https:\/\/www.radioluna.it\/news\/wp-content\/uploads\/2026\/03\/Redi-Qr.jpg\" alt=\"\"  srcset=\"https:\/\/www.radioluna.it\/news\/wp-content\/uploads\/2026\/03\/Redi-Qr.jpg 800w, https:\/\/www.radioluna.it\/news\/wp-content\/uploads\/2026\/03\/Redi-Qr-768x639.jpg 768w\" sizes=\"(max-width: 800px) 100vw, 800px\" width=\"300\" height=\"250\"   \/><\/a><\/div><\/div>","protected":false},"excerpt":{"rendered":"<p>LATINA &#8211;\u00a0\u201cPensavo sarebbe stata un&#8217;importante esperienza scientifica e di viaggio, ma \u00e8 stata prima di tutto un&#8217;incredibile esperienza umana e sociologica\u201d. Armando Macali dopo due mesi trascorsi in Antartide assegnato alla XXXI Spedizione Italiana dell&#8217;Enea per fare ricerca sugli organismi marini, \u00e8 tornato a casa, a Latina. Abbiamo raccolto il suo racconto. Ascolta NATURA E [&hellip;]<\/p>\n","protected":false},"author":62,"featured_media":172440,"comment_status":"open","ping_status":"closed","sticky":false,"template":"","format":"standard","meta":{"footnotes":""},"categories":[2310,7],"tags":[],"class_list":["post-174662","post","type-post","status-publish","format-standard","has-post-thumbnail","hentry","category-audio","category-cronaca"],"_links":{"self":[{"href":"https:\/\/www.radioluna.it\/news\/wp-json\/wp\/v2\/posts\/174662","targetHints":{"allow":["GET"]}}],"collection":[{"href":"https:\/\/www.radioluna.it\/news\/wp-json\/wp\/v2\/posts"}],"about":[{"href":"https:\/\/www.radioluna.it\/news\/wp-json\/wp\/v2\/types\/post"}],"author":[{"embeddable":true,"href":"https:\/\/www.radioluna.it\/news\/wp-json\/wp\/v2\/users\/62"}],"replies":[{"embeddable":true,"href":"https:\/\/www.radioluna.it\/news\/wp-json\/wp\/v2\/comments?post=174662"}],"version-history":[{"count":0,"href":"https:\/\/www.radioluna.it\/news\/wp-json\/wp\/v2\/posts\/174662\/revisions"}],"wp:featuredmedia":[{"embeddable":true,"href":"https:\/\/www.radioluna.it\/news\/wp-json\/wp\/v2\/media\/172440"}],"wp:attachment":[{"href":"https:\/\/www.radioluna.it\/news\/wp-json\/wp\/v2\/media?parent=174662"}],"wp:term":[{"taxonomy":"category","embeddable":true,"href":"https:\/\/www.radioluna.it\/news\/wp-json\/wp\/v2\/categories?post=174662"},{"taxonomy":"post_tag","embeddable":true,"href":"https:\/\/www.radioluna.it\/news\/wp-json\/wp\/v2\/tags?post=174662"}],"curies":[{"name":"wp","href":"https:\/\/api.w.org\/{rel}","templated":true}]}}