{"id":174691,"date":"2016-02-25T18:46:39","date_gmt":"2016-02-25T17:46:39","guid":{"rendered":"http:\/\/www.radioluna.it\/news\/?p=174691"},"modified":"2016-02-26T08:45:27","modified_gmt":"2016-02-26T07:45:27","slug":"incidente-sulla-cassino-formia-perde-la-vita-un-43enne-pontino","status":"publish","type":"post","link":"https:\/\/www.radioluna.it\/news\/2016\/02\/incidente-sulla-cassino-formia-perde-la-vita-un-43enne-pontino\/","title":{"rendered":"Incidente sulla Formia-Cassino\/Tir nella scarpata, perde la vita Daniele Treglia di Formia"},"content":{"rendered":"<div id=\"fb-root\"><\/div>\n<p style=\"text-align: justify;\">\n<p style=\"text-align: justify;\"><strong><a href=\"http:\/\/www.radioluna.it\/news\/wp-content\/uploads\/2016\/02\/tir-nella-scarapata.jpg\"><img loading=\"lazy\" decoding=\"async\" class=\"aligncenter size-thumbnail wp-image-174703\" src=\"http:\/\/www.radioluna.it\/news\/wp-content\/uploads\/2016\/02\/tir-nella-scarapata-689x388.jpg\" alt=\"tir nella scarapata\" width=\"689\" height=\"388\" srcset=\"https:\/\/www.radioluna.it\/news\/wp-content\/uploads\/2016\/02\/tir-nella-scarapata-689x388.jpg 689w, https:\/\/www.radioluna.it\/news\/wp-content\/uploads\/2016\/02\/tir-nella-scarapata-768x432.jpg 768w, https:\/\/www.radioluna.it\/news\/wp-content\/uploads\/2016\/02\/tir-nella-scarapata-500x281.jpg 500w, https:\/\/www.radioluna.it\/news\/wp-content\/uploads\/2016\/02\/tir-nella-scarapata-300x169.jpg 300w, https:\/\/www.radioluna.it\/news\/wp-content\/uploads\/2016\/02\/tir-nella-scarapata-1024x576.jpg 1024w, https:\/\/www.radioluna.it\/news\/wp-content\/uploads\/2016\/02\/tir-nella-scarapata-800x450.jpg 800w, https:\/\/www.radioluna.it\/news\/wp-content\/uploads\/2016\/02\/tir-nella-scarapata.jpg 1000w\" sizes=\"auto, (max-width: 689px) 100vw, 689px\" \/><\/a>FORMIA &#8211;<\/strong> E&#8217; di Formia l&#8217;uomo morto sulla superstrada Formia-Cassino all&#8217;altezza di Ausonia in un tragico incidente stradale avvenuto questo pomeriggio quando un tir \u00e8 finito in una profonda scarpata. Il mezzo pesante per motivi da accertare \u00e8 uscito di strada, ha sfondato il guardrail ed \u00e8 precipitato nel vuoto per oltre dieci metri. Sul luogo dell&#8217;incidente hanno lavorato a lungo i Vigili del fuoco che dopo i primi soccorsi alle persone hanno dovuto recuperare l&#8217;autoarticolato. La vittima dell&#8217;incidente \u00e8 Daniele Treglia, \u00a046 anni, che era alla guida del tir ed \u00e8 stato sbalzato all&#8217;esterno, come il passeggero. Entrambi sono stati trovati fuori dal mezzo. Il ferito \u00e8 stato trasportato in eliambulanza al Goretti di Latina in gravi condizioni. Saranno i carabinieri a dover ricostruire le cause dell&#8217;incidente che ha sconvolto la frazione di Penitro dove Daniele Treglia era conosciutissimo, sua figlia Valentina \u00e8 una giovane promessa del nuoto.<\/p>\n<p style=\"text-align: justify;\">Importanti ripercussioni sul traffico, la strada \u00e8 rimasta chiusa per tutto il pomeriggio.<\/p>\n<div class=\"radio-posizionamento-telefono-in-articoli-dopo-il-contenuto-articolo radio-entity-placement\" id=\"radio-1799267739\"><div id=\"radio-410003131\"><a href=\"https:\/\/www.simeoneceramiche.com\/\" aria-label=\"SIMEONE CERAMICHE GIF animata per radioluna_Tavola disegno 1 copia 2 (online-video-cutter.com)\"><img loading=\"lazy\" decoding=\"async\" src=\"https:\/\/www.radioluna.it\/news\/wp-content\/uploads\/2025\/05\/SIMEONE-CERAMICHE-GIF-animata-per-radioluna_Tavola-disegno-1-copia-2-online-video-cutter.com_.gif\" alt=\"\"  width=\"300\" height=\"250\"   \/><\/a><\/div><\/div>","protected":false},"excerpt":{"rendered":"<p>FORMIA &#8211; E&#8217; di Formia l&#8217;uomo morto sulla superstrada Formia-Cassino all&#8217;altezza di Ausonia in un tragico incidente stradale avvenuto questo pomeriggio quando un tir \u00e8 finito in una profonda scarpata. Il mezzo pesante per motivi da accertare \u00e8 uscito di strada, ha sfondato il guardrail ed \u00e8 precipitato nel vuoto per oltre dieci metri. Sul [&hellip;]<\/p>\n","protected":false},"author":60,"featured_media":174703,"comment_status":"open","ping_status":"closed","sticky":false,"template":"","format":"standard","meta":{"footnotes":""},"categories":[7],"tags":[],"class_list":["post-174691","post","type-post","status-publish","format-standard","has-post-thumbnail","hentry","category-cronaca"],"_links":{"self":[{"href":"https:\/\/www.radioluna.it\/news\/wp-json\/wp\/v2\/posts\/174691","targetHints":{"allow":["GET"]}}],"collection":[{"href":"https:\/\/www.radioluna.it\/news\/wp-json\/wp\/v2\/posts"}],"about":[{"href":"https:\/\/www.radioluna.it\/news\/wp-json\/wp\/v2\/types\/post"}],"author":[{"embeddable":true,"href":"https:\/\/www.radioluna.it\/news\/wp-json\/wp\/v2\/users\/60"}],"replies":[{"embeddable":true,"href":"https:\/\/www.radioluna.it\/news\/wp-json\/wp\/v2\/comments?post=174691"}],"version-history":[{"count":0,"href":"https:\/\/www.radioluna.it\/news\/wp-json\/wp\/v2\/posts\/174691\/revisions"}],"wp:featuredmedia":[{"embeddable":true,"href":"https:\/\/www.radioluna.it\/news\/wp-json\/wp\/v2\/media\/174703"}],"wp:attachment":[{"href":"https:\/\/www.radioluna.it\/news\/wp-json\/wp\/v2\/media?parent=174691"}],"wp:term":[{"taxonomy":"category","embeddable":true,"href":"https:\/\/www.radioluna.it\/news\/wp-json\/wp\/v2\/categories?post=174691"},{"taxonomy":"post_tag","embeddable":true,"href":"https:\/\/www.radioluna.it\/news\/wp-json\/wp\/v2\/tags?post=174691"}],"curies":[{"name":"wp","href":"https:\/\/api.w.org\/{rel}","templated":true}]}}