{"id":174711,"date":"2016-02-26T10:40:21","date_gmt":"2016-02-26T09:40:21","guid":{"rendered":"http:\/\/www.radioluna.it\/news\/?p=174711"},"modified":"2016-02-26T10:40:21","modified_gmt":"2016-02-26T09:40:21","slug":"incendio-a-cori-fiamme-in-un-appartamento","status":"publish","type":"post","link":"https:\/\/www.radioluna.it\/news\/2016\/02\/incendio-a-cori-fiamme-in-un-appartamento\/","title":{"rendered":"Incendio a Cori, fiamme in un appartamento"},"content":{"rendered":"<div id=\"fb-root\"><\/div>\n<p style=\"text-align: justify;\"><a href=\"http:\/\/www.radioluna.it\/news\/wp-content\/uploads\/2016\/02\/INCENDIO-CORI.jpg\"><img loading=\"lazy\" decoding=\"async\" class=\"aligncenter size-thumbnail wp-image-174712\" src=\"http:\/\/www.radioluna.it\/news\/wp-content\/uploads\/2016\/02\/INCENDIO-CORI-689x518.jpg\" alt=\"INCENDIO CORI\" width=\"689\" height=\"518\" srcset=\"https:\/\/www.radioluna.it\/news\/wp-content\/uploads\/2016\/02\/INCENDIO-CORI-689x518.jpg 689w, https:\/\/www.radioluna.it\/news\/wp-content\/uploads\/2016\/02\/INCENDIO-CORI-768x577.jpg 768w, https:\/\/www.radioluna.it\/news\/wp-content\/uploads\/2016\/02\/INCENDIO-CORI-500x376.jpg 500w, https:\/\/www.radioluna.it\/news\/wp-content\/uploads\/2016\/02\/INCENDIO-CORI-300x225.jpg 300w, https:\/\/www.radioluna.it\/news\/wp-content\/uploads\/2016\/02\/INCENDIO-CORI-800x601.jpg 800w, https:\/\/www.radioluna.it\/news\/wp-content\/uploads\/2016\/02\/INCENDIO-CORI.jpg 852w\" sizes=\"auto, (max-width: 689px) 100vw, 689px\" \/><\/a>CORI &#8211;\u00a0<span style=\"color: #333333;\"><span style=\"font-family: Georgia, 'Times New Roman', 'Bitstream Charter', Times, serif;\"><span style=\"font-size: medium;\">Paura a Cori poco prima di mezzanotte in Via delle Rimesse dove un incendio divampato nell&#8217;appartamento al secondo piano di una palazzina che \u00e8 stata\u00a0fatta evacuare. Le fiamme sono state spente dai vigili del fuoco \u00a0e nessuno \u00e8 rimasto ferito. Con ogni probabilit\u00e0 \u00e8 stato un fulmine a generare il rogo dopo aver colpito l&#8217;impianto elettrico.<\/span><\/span><\/span><\/p>\n<p align=\"JUSTIFY\">\n<div class=\"radio-posizionamento-telefono-in-articoli-dopo-il-contenuto-articolo radio-entity-placement\" id=\"radio-1768165679\"><div id=\"radio-1495675593\"><a href=\"https:\/\/grupporedi.it\/\" aria-label=\"Redi-Qr\"><img loading=\"lazy\" decoding=\"async\" src=\"https:\/\/www.radioluna.it\/news\/wp-content\/uploads\/2026\/03\/Redi-Qr.jpg\" alt=\"\"  srcset=\"https:\/\/www.radioluna.it\/news\/wp-content\/uploads\/2026\/03\/Redi-Qr.jpg 800w, https:\/\/www.radioluna.it\/news\/wp-content\/uploads\/2026\/03\/Redi-Qr-768x639.jpg 768w\" sizes=\"(max-width: 800px) 100vw, 800px\" width=\"300\" height=\"250\"   \/><\/a><\/div><\/div>","protected":false},"excerpt":{"rendered":"<p>CORI &#8211;\u00a0Paura a Cori poco prima di mezzanotte in Via delle Rimesse dove un incendio divampato nell&#8217;appartamento al secondo piano di una palazzina che \u00e8 stata\u00a0fatta evacuare. Le fiamme sono state spente dai vigili del fuoco \u00a0e nessuno \u00e8 rimasto ferito. Con ogni probabilit\u00e0 \u00e8 stato un fulmine a generare il rogo dopo aver colpito [&hellip;]<\/p>\n","protected":false},"author":62,"featured_media":174712,"comment_status":"open","ping_status":"closed","sticky":false,"template":"","format":"standard","meta":{"footnotes":""},"categories":[7],"tags":[],"class_list":["post-174711","post","type-post","status-publish","format-standard","has-post-thumbnail","hentry","category-cronaca"],"_links":{"self":[{"href":"https:\/\/www.radioluna.it\/news\/wp-json\/wp\/v2\/posts\/174711","targetHints":{"allow":["GET"]}}],"collection":[{"href":"https:\/\/www.radioluna.it\/news\/wp-json\/wp\/v2\/posts"}],"about":[{"href":"https:\/\/www.radioluna.it\/news\/wp-json\/wp\/v2\/types\/post"}],"author":[{"embeddable":true,"href":"https:\/\/www.radioluna.it\/news\/wp-json\/wp\/v2\/users\/62"}],"replies":[{"embeddable":true,"href":"https:\/\/www.radioluna.it\/news\/wp-json\/wp\/v2\/comments?post=174711"}],"version-history":[{"count":0,"href":"https:\/\/www.radioluna.it\/news\/wp-json\/wp\/v2\/posts\/174711\/revisions"}],"wp:featuredmedia":[{"embeddable":true,"href":"https:\/\/www.radioluna.it\/news\/wp-json\/wp\/v2\/media\/174712"}],"wp:attachment":[{"href":"https:\/\/www.radioluna.it\/news\/wp-json\/wp\/v2\/media?parent=174711"}],"wp:term":[{"taxonomy":"category","embeddable":true,"href":"https:\/\/www.radioluna.it\/news\/wp-json\/wp\/v2\/categories?post=174711"},{"taxonomy":"post_tag","embeddable":true,"href":"https:\/\/www.radioluna.it\/news\/wp-json\/wp\/v2\/tags?post=174711"}],"curies":[{"name":"wp","href":"https:\/\/api.w.org\/{rel}","templated":true}]}}