{"id":174727,"date":"2016-02-26T14:08:51","date_gmt":"2016-02-26T13:08:51","guid":{"rendered":"http:\/\/www.radioluna.it\/news\/?p=174727"},"modified":"2016-02-27T19:04:31","modified_gmt":"2016-02-27T18:04:31","slug":"piani-particolareggiati-sospesi-il-commissario-barbato-firma-le-delibere","status":"publish","type":"post","link":"https:\/\/www.radioluna.it\/news\/2016\/02\/piani-particolareggiati-sospesi-il-commissario-barbato-firma-le-delibere\/","title":{"rendered":"Piani particolareggiati sospesi, il commissario Barbato firma le delibere"},"content":{"rendered":"<div id=\"fb-root\"><\/div>\n<div id=\"attachment_168389\" style=\"width: 645px\" class=\"wp-caption aligncenter\"><a href=\"http:\/\/www.radioluna.it\/news\/wp-content\/uploads\/2015\/09\/canaparo-e-barbato.jpg\"><img loading=\"lazy\" decoding=\"async\" aria-describedby=\"caption-attachment-168389\" class=\"size-thumbnail wp-image-168389\" src=\"http:\/\/www.radioluna.it\/news\/wp-content\/uploads\/2015\/09\/canaparo-e-barbato-635x422.jpg\" alt=\"Il Commissario Barbato con il viceprefetto Canaparo\" width=\"635\" height=\"422\" srcset=\"https:\/\/www.radioluna.it\/news\/wp-content\/uploads\/2015\/09\/canaparo-e-barbato-635x422.jpg 635w, https:\/\/www.radioluna.it\/news\/wp-content\/uploads\/2015\/09\/canaparo-e-barbato-768x511.jpg 768w, https:\/\/www.radioluna.it\/news\/wp-content\/uploads\/2015\/09\/canaparo-e-barbato-500x333.jpg 500w, https:\/\/www.radioluna.it\/news\/wp-content\/uploads\/2015\/09\/canaparo-e-barbato-600x400.jpg 600w, https:\/\/www.radioluna.it\/news\/wp-content\/uploads\/2015\/09\/canaparo-e-barbato-300x200.jpg 300w, https:\/\/www.radioluna.it\/news\/wp-content\/uploads\/2015\/09\/canaparo-e-barbato-1024x681.jpg 1024w, https:\/\/www.radioluna.it\/news\/wp-content\/uploads\/2015\/09\/canaparo-e-barbato-800x532.jpg 800w, https:\/\/www.radioluna.it\/news\/wp-content\/uploads\/2015\/09\/canaparo-e-barbato.jpg 1000w\" sizes=\"auto, (max-width: 635px) 100vw, 635px\" \/><\/a><p id=\"caption-attachment-168389\" class=\"wp-caption-text\">Il Commissario Barbato con il viceprefetto e sub commissario Canaparo<\/p><\/div>\n<p style=\"text-align: justify;\"><strong>LATINA<\/strong> &#8211; Era stato annunciato, era atteso da molti, temuto da alcuni, oggi \u00e8 realt\u00e0: i piani particolareggiati che ridisegnavano i quartieri, Isonzo, Frezzotti, Prampolini, Latina Scalo, e i borghi Piave e Podgora sono sospesi. Il commissario prefettizio del Comune Gioacomo Barbato ha firmato questa mattina le delibere che mettono in pausa sei varianti considerate illegittime perch\u00e9 approvate in violazione delle norme urbanistiche, con il passaggio breve (e pi\u00f9 riservato) della giunta e non invece, quello richiesto dalla legge, in consiglio comunale.\u00a0<span style=\"line-height: 1.5;\">L&#8217;iter porter\u00e0 all&#8217;annullamento degli stessi. <\/span><\/p>\n<p style=\"text-align: justify;\"><span style=\"line-height: 1.5;\">E&#8217; musica per le orecchie di chi da tempo sosteneva l&#8217;illegittimit\u00e0 dei \u00a0disegni urbanistici della giunta Di Giorgi, da sempre difesi strenuamente dall&#8217;ultimo assessore al ramo, l&#8217;azzurro, Giuseppe Di Rubbo, ma che, a conti fatti imbottivano di volumetrie i quartieri pi\u00f9 a ridosso del centro storico di Latina. Tanto cemento e pochi servizi, per varianti sostanziali. Un boomerang aver preteso di approvarli nelle sedute di giunta, grazie al solo consenso di una maggioranza gi\u00e0 pencolante che poco dopo, proprio in disaccordo sulla gestione urbanistica, si \u00e8 disciolta.<\/span><\/p>\n<p style=\"text-align: justify;\">L&#8217;iter prevede 30 giorni di tempo nel corso dei quali i privati interessati potranno presentare osservazioni, poi il Comune avr\u00e0 due mesi per analizzarle e prendere le relative decisioni. L&#8217;annullamento \u00e8 la fine naturale della vicenda a meno di proposte che riportino i piani nella legittimit\u00e0.<\/p>\n<div class=\"radio-posizionamento-telefono-in-articoli-dopo-il-contenuto-articolo radio-entity-placement\" id=\"radio-2490837788\"><div id=\"radio-142146283\" style=\"width: 300px;height: 250px;\"><a href=\"https:\/\/www.icarspa.it\/auto\/usate\/latina\/\" aria-label=\"banner aprile icar new life &#8211; auto usate latina\"><img loading=\"lazy\" decoding=\"async\" src=\"https:\/\/www.radioluna.it\/news\/wp-content\/uploads\/2026\/02\/banner-aprile-icar-new-life-auto-usate-latina.gif\" alt=\"\"  width=\"300\" height=\"250\"   \/><\/a><\/div><\/div>","protected":false},"excerpt":{"rendered":"<p>LATINA &#8211; Era stato annunciato, era atteso da molti, temuto da alcuni, oggi \u00e8 realt\u00e0: i piani particolareggiati che ridisegnavano i quartieri, Isonzo, Frezzotti, Prampolini, Latina Scalo, e i borghi Piave e Podgora sono sospesi. Il commissario prefettizio del Comune Gioacomo Barbato ha firmato questa mattina le delibere che mettono in pausa sei varianti considerate [&hellip;]<\/p>\n","protected":false},"author":62,"featured_media":168389,"comment_status":"open","ping_status":"closed","sticky":false,"template":"","format":"standard","meta":{"footnotes":""},"categories":[7],"tags":[],"class_list":["post-174727","post","type-post","status-publish","format-standard","has-post-thumbnail","hentry","category-cronaca"],"_links":{"self":[{"href":"https:\/\/www.radioluna.it\/news\/wp-json\/wp\/v2\/posts\/174727","targetHints":{"allow":["GET"]}}],"collection":[{"href":"https:\/\/www.radioluna.it\/news\/wp-json\/wp\/v2\/posts"}],"about":[{"href":"https:\/\/www.radioluna.it\/news\/wp-json\/wp\/v2\/types\/post"}],"author":[{"embeddable":true,"href":"https:\/\/www.radioluna.it\/news\/wp-json\/wp\/v2\/users\/62"}],"replies":[{"embeddable":true,"href":"https:\/\/www.radioluna.it\/news\/wp-json\/wp\/v2\/comments?post=174727"}],"version-history":[{"count":0,"href":"https:\/\/www.radioluna.it\/news\/wp-json\/wp\/v2\/posts\/174727\/revisions"}],"wp:featuredmedia":[{"embeddable":true,"href":"https:\/\/www.radioluna.it\/news\/wp-json\/wp\/v2\/media\/168389"}],"wp:attachment":[{"href":"https:\/\/www.radioluna.it\/news\/wp-json\/wp\/v2\/media?parent=174727"}],"wp:term":[{"taxonomy":"category","embeddable":true,"href":"https:\/\/www.radioluna.it\/news\/wp-json\/wp\/v2\/categories?post=174727"},{"taxonomy":"post_tag","embeddable":true,"href":"https:\/\/www.radioluna.it\/news\/wp-json\/wp\/v2\/tags?post=174727"}],"curies":[{"name":"wp","href":"https:\/\/api.w.org\/{rel}","templated":true}]}}