{"id":174730,"date":"2016-02-26T15:20:14","date_gmt":"2016-02-26T14:20:14","guid":{"rendered":"http:\/\/www.radioluna.it\/news\/?p=174730"},"modified":"2016-02-26T15:20:14","modified_gmt":"2016-02-26T14:20:14","slug":"una-serie-tv-sulle-bellezze-pontine-iniziativa-della-coop-il-sentiero","status":"publish","type":"post","link":"https:\/\/www.radioluna.it\/news\/2016\/02\/una-serie-tv-sulle-bellezze-pontine-iniziativa-della-coop-il-sentiero\/","title":{"rendered":"Una serie tv sulle bellezze pontine. Iniziativa della Coop Il Sentiero"},"content":{"rendered":"<div id=\"fb-root\"><\/div>\n<p style=\"text-align: justify;\"><strong><a href=\"http:\/\/www.radioluna.it\/news\/wp-content\/uploads\/2016\/02\/lago.png\"><img loading=\"lazy\" decoding=\"async\" class=\"aligncenter size-thumbnail wp-image-174731\" src=\"http:\/\/www.radioluna.it\/news\/wp-content\/uploads\/2016\/02\/lago-689x109.png\" alt=\"lago\" width=\"689\" height=\"109\" srcset=\"https:\/\/www.radioluna.it\/news\/wp-content\/uploads\/2016\/02\/lago-689x109.png 689w, https:\/\/www.radioluna.it\/news\/wp-content\/uploads\/2016\/02\/lago-768x122.png 768w, https:\/\/www.radioluna.it\/news\/wp-content\/uploads\/2016\/02\/lago-500x79.png 500w, https:\/\/www.radioluna.it\/news\/wp-content\/uploads\/2016\/02\/lago-300x48.png 300w, https:\/\/www.radioluna.it\/news\/wp-content\/uploads\/2016\/02\/lago-800x127.png 800w, https:\/\/www.radioluna.it\/news\/wp-content\/uploads\/2016\/02\/lago.png 1000w\" sizes=\"auto, (max-width: 689px) 100vw, 689px\" \/><\/a>LATINA<\/strong> &#8211;\u00a0\u00a0Una serie tv sulle bellezze Pontine. Il progetto Terra Latina realizzato dalla Cooperativa Il Sentiero di Latina \u00e8 stato presentato\u00a0oggi presso lo Spazio Attivo Bic Lazio di Latina che ha deciso di ospitare la startup di servizi turistici nata nel 2014 con un finanziamento europeo. Dal momento della sua costituzione ha guidato in escursione sul territorio pi\u00f9 di 1600 persone, tra gite in bici, trekking e \u00a0canoa.<\/p>\n<p style=\"text-align: justify;\">&#8220;Si tratta di un progetto di Marketing Territoriale per la promozione e la valorizzazione del territorio pontino &#8211; ha spiegato il presidente del Sentiero Giuseppe Panico &#8211; \u00a0per promuovere e incentivare la conoscenza di luoghi, culture, paesaggi, eccellenze eno-gastronomiche del territorio&#8221;<\/p>\n<p style=\"text-align: justify;\">La serie si articoler\u00e0 in 6 puntate su una porzione di territorio, ciascuna della durata di 30 minuti guidate dalla giornalista Alga Madia:\u00a0La Via Appia, da Roma verso il Sud, la bonifica della palude pontina;\u00a0Parco Nazionale del Circeo, un ambiente unico dove coesistono ecosistemi diversi;\u00a0Ninfa e le Terre dei Caetani;\u00a0Riviera D\u2019Ulisse, Sperlonga e Terracina; Isole Pontine;\u00a0Le Strade del Gusto: cucina e prodotti tipici;\u00a0Abbazie e luoghi di Spiritualit\u00e0, la Via Francigena.<br \/>\nLa prima puntata andr\u00e0 in onda a marzo su Gold Tv, canale 17 del Digitale terrestre, il marted\u00ec alle ore 21 con replica il mercoled\u00ec alle ore 13.10; Telemontegiove, canale 671 del Digitale terrestre, il venerd\u00ec alle 21.30 con replica la domenica alle 16.10.<\/p>\n<p style=\"text-align: justify;\"><strong>IL SENTIERO<\/strong> &#8211; La cooperativa Il Sentiero \u00e8 una realt\u00e0 nuova nel nostro territorio ma con radici molto profonde; nata nel 2014 in seguito alla vittoria del bando europeo per lo sviluppo delle reti d\u2019impresa, ha messo insieme esperti nei diversi settori del Turismo, del Marketing Territoriale e dell\u2019Educazione Ambientale. Organizza il Tour in bici delle Terre dei Caetani in accordo con la Fondazione Caetani e la gita a Villa Domiziano sul lago di Sabaudia.<\/p>\n","protected":false},"excerpt":{"rendered":"<p>LATINA &#8211;\u00a0\u00a0Una serie tv sulle bellezze Pontine. Il progetto Terra Latina realizzato dalla Cooperativa Il Sentiero di Latina \u00e8 stato presentato\u00a0oggi presso lo Spazio Attivo Bic Lazio di Latina che ha deciso di ospitare la startup di servizi turistici nata nel 2014 con un finanziamento europeo. Dal momento della sua costituzione ha guidato in escursione [&hellip;]<\/p>\n","protected":false},"author":62,"featured_media":174731,"comment_status":"open","ping_status":"closed","sticky":false,"template":"","format":"standard","meta":{"footnotes":""},"categories":[12,11],"tags":[],"class_list":["post-174730","post","type-post","status-publish","format-standard","has-post-thumbnail","hentry","category-ambiente","category-economia"],"_links":{"self":[{"href":"https:\/\/www.radioluna.it\/news\/wp-json\/wp\/v2\/posts\/174730","targetHints":{"allow":["GET"]}}],"collection":[{"href":"https:\/\/www.radioluna.it\/news\/wp-json\/wp\/v2\/posts"}],"about":[{"href":"https:\/\/www.radioluna.it\/news\/wp-json\/wp\/v2\/types\/post"}],"author":[{"embeddable":true,"href":"https:\/\/www.radioluna.it\/news\/wp-json\/wp\/v2\/users\/62"}],"replies":[{"embeddable":true,"href":"https:\/\/www.radioluna.it\/news\/wp-json\/wp\/v2\/comments?post=174730"}],"version-history":[{"count":0,"href":"https:\/\/www.radioluna.it\/news\/wp-json\/wp\/v2\/posts\/174730\/revisions"}],"wp:featuredmedia":[{"embeddable":true,"href":"https:\/\/www.radioluna.it\/news\/wp-json\/wp\/v2\/media\/174731"}],"wp:attachment":[{"href":"https:\/\/www.radioluna.it\/news\/wp-json\/wp\/v2\/media?parent=174730"}],"wp:term":[{"taxonomy":"category","embeddable":true,"href":"https:\/\/www.radioluna.it\/news\/wp-json\/wp\/v2\/categories?post=174730"},{"taxonomy":"post_tag","embeddable":true,"href":"https:\/\/www.radioluna.it\/news\/wp-json\/wp\/v2\/tags?post=174730"}],"curies":[{"name":"wp","href":"https:\/\/api.w.org\/{rel}","templated":true}]}}