{"id":174798,"date":"2016-02-28T12:33:29","date_gmt":"2016-02-28T11:33:29","guid":{"rendered":"http:\/\/www.radioluna.it\/news\/?p=174798"},"modified":"2016-02-29T08:04:41","modified_gmt":"2016-02-29T07:04:41","slug":"il-latina-saluta-somma-il-tecnico-esonerato-e-sostituito-con-chiappini","status":"publish","type":"post","link":"https:\/\/www.radioluna.it\/news\/2016\/02\/il-latina-saluta-somma-il-tecnico-esonerato-e-sostituito-con-chiappini\/","title":{"rendered":"Il Latina saluta Somma. Il tecnico esonerato e sostituito con Chiappini"},"content":{"rendered":"<div id=\"fb-root\"><\/div>\n<div id=\"attachment_174799\" style=\"width: 699px\" class=\"wp-caption aligncenter\"><a href=\"http:\/\/www.radioluna.it\/news\/wp-content\/uploads\/2016\/02\/chiappini-somma.jpg\"><img loading=\"lazy\" decoding=\"async\" aria-describedby=\"caption-attachment-174799\" class=\"wp-image-174799 size-thumbnail\" src=\"http:\/\/www.radioluna.it\/news\/wp-content\/uploads\/2016\/02\/chiappini-somma-689x458.jpg\" alt=\"chiappini somma\" width=\"689\" height=\"458\" srcset=\"https:\/\/www.radioluna.it\/news\/wp-content\/uploads\/2016\/02\/chiappini-somma-689x458.jpg 689w, https:\/\/www.radioluna.it\/news\/wp-content\/uploads\/2016\/02\/chiappini-somma-768x511.jpg 768w, https:\/\/www.radioluna.it\/news\/wp-content\/uploads\/2016\/02\/chiappini-somma-500x333.jpg 500w, https:\/\/www.radioluna.it\/news\/wp-content\/uploads\/2016\/02\/chiappini-somma-600x400.jpg 600w, https:\/\/www.radioluna.it\/news\/wp-content\/uploads\/2016\/02\/chiappini-somma-300x200.jpg 300w, https:\/\/www.radioluna.it\/news\/wp-content\/uploads\/2016\/02\/chiappini-somma.jpg 800w\" sizes=\"auto, (max-width: 689px) 100vw, 689px\" \/><\/a><p id=\"caption-attachment-174799\" class=\"wp-caption-text\">Al centro Somma e a destra della foto Chiappini<\/p><\/div>\n<p style=\"text-align: justify;\">LATINA &#8211; Stavolta la comunicazione \u00e8 ufficiale e non lascia margine a equivoci come invece era avvenuto a gennaio: l\u2019Us Latina Calcio ringrazia Mario Somma, lo esonera e lo sostituisce con Andrea Chiappini.\u00a0 La notizia si era diffusa gi\u00e0 questa mattina quando l allenamento dei nerazzurri \u00a0era stato guidato dal tecnico di Latina pi\u00f9 giovane.<\/p>\n<p style=\"text-align: justify;\">In una nota la societ\u00e0 di Piazzale Prampolini,\u00a0&#8221; rende noto che Mario Somma \u00e8 stato sollevato dall\u2019incarico di allenatore della prima squadra. La societ\u00e0 ringrazia Mario Somma per l\u2019impegno, la dedizione e la seriet\u00e0 con cui ha lavorato in questi mesi. L\u2019Us Latina Calcio inoltre comunica che, in virt\u00f9 degli impegni ravvicinati e dell\u2019immediatezza della decisione presa, la guida tecnica della prima squadra \u00e8 stata affidata ad Andrea Chiappini&#8221;.<\/p>\n<p style=\"text-align: justify;\">A gennaio, dopo una serie negativa, il tecnico aveva fatto trapelare notizie di un addio, ma poi il percorso era proseguito accompagnato da alcuni risultati positivi.\u00a0 La nuova flessione della squadra e la sconfitta casalinga contro il\u00a0 Modena hanno portato\u00a0alla rottura comunicata questa mattina. Al posto di Somma domani sera al Curi di Perugia sulla panchina del Latina ci sar\u00e0 Andrea Chiappini, 54 anni, anche lui di Latina, in passato ha allenato la squadra nerazzurra in serie D nel campionato 1999-2000, in carriera \u00e8 stato anche a Terracina, Fano, Savoia, Viterbese, Lanciano e nelle giovanili del Siena. Non \u00e8 escluso che la societ\u00e0 decida di andare avanti con Chiappini fino al termine della stagione.<\/p>\n","protected":false},"excerpt":{"rendered":"<p>LATINA &#8211; Stavolta la comunicazione \u00e8 ufficiale e non lascia margine a equivoci come invece era avvenuto a gennaio: l\u2019Us Latina Calcio ringrazia Mario Somma, lo esonera e lo sostituisce con Andrea Chiappini.\u00a0 La notizia si era diffusa gi\u00e0 questa mattina quando l allenamento dei nerazzurri \u00a0era stato guidato dal tecnico di Latina pi\u00f9 giovane. [&hellip;]<\/p>\n","protected":false},"author":62,"featured_media":174799,"comment_status":"open","ping_status":"closed","sticky":false,"template":"","format":"standard","meta":{"footnotes":""},"categories":[17],"tags":[],"class_list":["post-174798","post","type-post","status-publish","format-standard","has-post-thumbnail","hentry","category-sport"],"_links":{"self":[{"href":"https:\/\/www.radioluna.it\/news\/wp-json\/wp\/v2\/posts\/174798","targetHints":{"allow":["GET"]}}],"collection":[{"href":"https:\/\/www.radioluna.it\/news\/wp-json\/wp\/v2\/posts"}],"about":[{"href":"https:\/\/www.radioluna.it\/news\/wp-json\/wp\/v2\/types\/post"}],"author":[{"embeddable":true,"href":"https:\/\/www.radioluna.it\/news\/wp-json\/wp\/v2\/users\/62"}],"replies":[{"embeddable":true,"href":"https:\/\/www.radioluna.it\/news\/wp-json\/wp\/v2\/comments?post=174798"}],"version-history":[{"count":0,"href":"https:\/\/www.radioluna.it\/news\/wp-json\/wp\/v2\/posts\/174798\/revisions"}],"wp:featuredmedia":[{"embeddable":true,"href":"https:\/\/www.radioluna.it\/news\/wp-json\/wp\/v2\/media\/174799"}],"wp:attachment":[{"href":"https:\/\/www.radioluna.it\/news\/wp-json\/wp\/v2\/media?parent=174798"}],"wp:term":[{"taxonomy":"category","embeddable":true,"href":"https:\/\/www.radioluna.it\/news\/wp-json\/wp\/v2\/categories?post=174798"},{"taxonomy":"post_tag","embeddable":true,"href":"https:\/\/www.radioluna.it\/news\/wp-json\/wp\/v2\/tags?post=174798"}],"curies":[{"name":"wp","href":"https:\/\/api.w.org\/{rel}","templated":true}]}}