{"id":174862,"date":"2016-02-29T23:59:31","date_gmt":"2016-02-29T22:59:31","guid":{"rendered":"http:\/\/www.radioluna.it\/news\/?p=174862"},"modified":"2016-03-02T14:08:29","modified_gmt":"2016-03-02T13:08:29","slug":"dont-touch-il-via-al-processo-in-tribunale","status":"publish","type":"post","link":"https:\/\/www.radioluna.it\/news\/2016\/02\/dont-touch-il-via-al-processo-in-tribunale\/","title":{"rendered":"Latina, Don&#8217;t touch, via al processo in Tribunale per otto imputati che hanno scelto il rito ordinario"},"content":{"rendered":"<div id=\"fb-root\"><\/div>\n<p style=\"text-align: justify;\"><strong><a href=\"http:\/\/www.radioluna.it\/news\/wp-content\/uploads\/2015\/09\/tribunale.jpg\"><img loading=\"lazy\" decoding=\"async\" class=\"aligncenter wp-image-169006\" src=\"http:\/\/www.radioluna.it\/news\/wp-content\/uploads\/2015\/09\/tribunale.jpg\" alt=\"tribunale\" width=\"689\" height=\"387\" srcset=\"https:\/\/www.radioluna.it\/news\/wp-content\/uploads\/2015\/09\/tribunale.jpg 1000w, https:\/\/www.radioluna.it\/news\/wp-content\/uploads\/2015\/09\/tribunale-768x431.jpg 768w, https:\/\/www.radioluna.it\/news\/wp-content\/uploads\/2015\/09\/tribunale-500x281.jpg 500w, https:\/\/www.radioluna.it\/news\/wp-content\/uploads\/2015\/09\/tribunale-300x168.jpg 300w, https:\/\/www.radioluna.it\/news\/wp-content\/uploads\/2015\/09\/tribunale-1024x575.jpg 1024w, https:\/\/www.radioluna.it\/news\/wp-content\/uploads\/2015\/09\/tribunale-635x356.jpg 635w, https:\/\/www.radioluna.it\/news\/wp-content\/uploads\/2015\/09\/tribunale-800x449.jpg 800w\" sizes=\"auto, (max-width: 689px) 100vw, 689px\" \/><\/a>LATINA-<\/strong> Inizia oggi 1 marzo in Tribunale il processo per otto imputati, arrestati nell&#8217;operazione Don&#8217;t Touch, che hanno scelto il rito ordinario preferendolo al<span style=\"line-height: 1.5;\">\u00a0giudizio abbreviato. Il dibattimento prender\u00e0 il via davanti al giudice del Collegio Penale Nicola Iansiti e tra gli imputati c&#8217;\u00e8 anche Costantino Di Silvio, conosciuto come Cha Cha, non \u00e8 escluso che la difesa presenti una richiesta di ricusazione per la vicenda relativa agli spari sull\u2019auto del giudice nel 1997, per i quali fu ritenuto responsabile \u00a0proprio Di Silvio. Davanti al giudice anche Gianluca Tuma, Riccardo Pasini, Ionel Caldararu, Davide Giordani, Fabio Di Lorenzo, Alexander Prendi e Adrian Costache.\u00a0Le accuse a vario titolo sono quelle di associazione a delinquere finalizzata all&#8217;usura, all&#8217; estorsione, al porto illegale di armi anche da guerra, alle minacce, all&#8217;intestazione fittizia di beni.<\/span><\/p>\n<p style=\"text-align: justify;\"><span style=\"line-height: 1.5;\"> Per gli altri imputati invece che hanno scelto il rito abbreviato, godendo cos\u00ec della riduzione di un terzo della pena, il processo inizier\u00e0 il 14 aprile.\u00a0<\/span><\/p>\n","protected":false},"excerpt":{"rendered":"<p>LATINA- Inizia oggi 1 marzo in Tribunale il processo per otto imputati, arrestati nell&#8217;operazione Don&#8217;t Touch, che hanno scelto il rito ordinario preferendolo al\u00a0giudizio abbreviato. Il dibattimento prender\u00e0 il via davanti al giudice del Collegio Penale Nicola Iansiti e tra gli imputati c&#8217;\u00e8 anche Costantino Di Silvio, conosciuto come Cha Cha, non \u00e8 escluso che [&hellip;]<\/p>\n","protected":false},"author":60,"featured_media":169006,"comment_status":"open","ping_status":"closed","sticky":false,"template":"","format":"standard","meta":{"footnotes":""},"categories":[7],"tags":[],"class_list":["post-174862","post","type-post","status-publish","format-standard","has-post-thumbnail","hentry","category-cronaca"],"_links":{"self":[{"href":"https:\/\/www.radioluna.it\/news\/wp-json\/wp\/v2\/posts\/174862","targetHints":{"allow":["GET"]}}],"collection":[{"href":"https:\/\/www.radioluna.it\/news\/wp-json\/wp\/v2\/posts"}],"about":[{"href":"https:\/\/www.radioluna.it\/news\/wp-json\/wp\/v2\/types\/post"}],"author":[{"embeddable":true,"href":"https:\/\/www.radioluna.it\/news\/wp-json\/wp\/v2\/users\/60"}],"replies":[{"embeddable":true,"href":"https:\/\/www.radioluna.it\/news\/wp-json\/wp\/v2\/comments?post=174862"}],"version-history":[{"count":0,"href":"https:\/\/www.radioluna.it\/news\/wp-json\/wp\/v2\/posts\/174862\/revisions"}],"wp:featuredmedia":[{"embeddable":true,"href":"https:\/\/www.radioluna.it\/news\/wp-json\/wp\/v2\/media\/169006"}],"wp:attachment":[{"href":"https:\/\/www.radioluna.it\/news\/wp-json\/wp\/v2\/media?parent=174862"}],"wp:term":[{"taxonomy":"category","embeddable":true,"href":"https:\/\/www.radioluna.it\/news\/wp-json\/wp\/v2\/categories?post=174862"},{"taxonomy":"post_tag","embeddable":true,"href":"https:\/\/www.radioluna.it\/news\/wp-json\/wp\/v2\/tags?post=174862"}],"curies":[{"name":"wp","href":"https:\/\/api.w.org\/{rel}","templated":true}]}}