{"id":174872,"date":"2016-03-01T08:16:23","date_gmt":"2016-03-01T07:16:23","guid":{"rendered":"http:\/\/www.radioluna.it\/news\/?p=174872"},"modified":"2016-03-01T10:24:35","modified_gmt":"2016-03-01T09:24:35","slug":"giorgia-meloni-a-latina-lancia-la-corsa-alle-primarie-di-nicola-calandrini-e-una-garanzia","status":"publish","type":"post","link":"https:\/\/www.radioluna.it\/news\/2016\/03\/giorgia-meloni-a-latina-lancia-la-corsa-alle-primarie-di-nicola-calandrini-e-una-garanzia\/","title":{"rendered":"Giorgia Meloni a Latina lancia la corsa alle primarie di Nicola Calandrini: &#8220;E&#8217; una garanzia&#8221;"},"content":{"rendered":"<div id=\"fb-root\"><\/div>\n<p style=\"text-align: justify;\"><a href=\"http:\/\/www.radioluna.it\/news\/wp-content\/uploads\/2016\/03\/meloni-a-latina.jpg\"><img loading=\"lazy\" decoding=\"async\" class=\"aligncenter size-thumbnail wp-image-174873\" src=\"http:\/\/www.radioluna.it\/news\/wp-content\/uploads\/2016\/03\/meloni-a-latina-689x458.jpg\" alt=\"meloni a latina\" width=\"689\" height=\"458\" srcset=\"https:\/\/www.radioluna.it\/news\/wp-content\/uploads\/2016\/03\/meloni-a-latina-689x458.jpg 689w, https:\/\/www.radioluna.it\/news\/wp-content\/uploads\/2016\/03\/meloni-a-latina-768x511.jpg 768w, https:\/\/www.radioluna.it\/news\/wp-content\/uploads\/2016\/03\/meloni-a-latina-500x333.jpg 500w, https:\/\/www.radioluna.it\/news\/wp-content\/uploads\/2016\/03\/meloni-a-latina-600x400.jpg 600w, https:\/\/www.radioluna.it\/news\/wp-content\/uploads\/2016\/03\/meloni-a-latina-300x200.jpg 300w, https:\/\/www.radioluna.it\/news\/wp-content\/uploads\/2016\/03\/meloni-a-latina.jpg 800w\" sizes=\"auto, (max-width: 689px) 100vw, 689px\" \/><\/a><strong>LATINA<\/strong> &#8211; Mancano tre mesi alle amministrative (le elezioni dovrebbero tenersi a giugno) e, a Latina, continua la presentazione dei candidati. Ieri \u00e8 stato il giorno di Nicola Calandrini che ambisce a conquistare la candidatura per una fetta del centrodestra. Per lui \u00e8 arrivata nel capoluogo Giorgia Meloni.<\/p>\n<p style=\"text-align: justify;\">Al teatro Moderno, con il solito piglio, la leader di Fratelli D&#8217;Italia ha lanciato bordate agli ex alleati di Forza Italia: \u201cNon hanno avuto il coraggio di contarsi, confrontandosi con gli altri partiti nelle primarie di centrodestra che rappresentano una novit\u00e0 e un esperimento importante non solo a livello locale\u201d, \u00a0ha sottolineato in un passaggio del suo discorso di fronte ad una folta platea, lanciando poi la corsa del segretario provinciale del partito contro il Nuovo Centro Destra di Enrico Tiero.<\/p>\n<p style=\"text-align: justify;\">&#8220;Calandrini \u00e8 l&#8217;uomo giusto \u00a0&#8211; ha sostenuto &#8211; una garanzia&#8221;. Nessun cenno invece alla rottura dello stesso Calandrini con il deputato Pasquale Maietta, che ha annunciato la sua autosospensione dal partito, ma solo a Latina: \u201cE&#8217; stato un gesto responsabile da parte sua, Maietta che saluto \u2013 ha detto Meloni &#8211; \u00e8 stato oggetto di una terribile pressione mediatica (il parlamentare \u00e8 indagato nell&#8217;operazione Don&#8217;t Touch) ma ne uscir\u00e0 pulito&#8221;. Presente in sala l&#8217;ex sindaco di Latina Giovanni Di Giorgi, anche per lui un passaggio: &#8220;E&#8217; stato accoltellato&#8221;.<\/p>\n","protected":false},"excerpt":{"rendered":"<p>LATINA &#8211; Mancano tre mesi alle amministrative (le elezioni dovrebbero tenersi a giugno) e, a Latina, continua la presentazione dei candidati. Ieri \u00e8 stato il giorno di Nicola Calandrini che ambisce a conquistare la candidatura per una fetta del centrodestra. Per lui \u00e8 arrivata nel capoluogo Giorgia Meloni. Al teatro Moderno, con il solito piglio, [&hellip;]<\/p>\n","protected":false},"author":62,"featured_media":174874,"comment_status":"open","ping_status":"closed","sticky":false,"template":"","format":"standard","meta":{"footnotes":""},"categories":[8],"tags":[],"class_list":["post-174872","post","type-post","status-publish","format-standard","has-post-thumbnail","hentry","category-politica"],"_links":{"self":[{"href":"https:\/\/www.radioluna.it\/news\/wp-json\/wp\/v2\/posts\/174872","targetHints":{"allow":["GET"]}}],"collection":[{"href":"https:\/\/www.radioluna.it\/news\/wp-json\/wp\/v2\/posts"}],"about":[{"href":"https:\/\/www.radioluna.it\/news\/wp-json\/wp\/v2\/types\/post"}],"author":[{"embeddable":true,"href":"https:\/\/www.radioluna.it\/news\/wp-json\/wp\/v2\/users\/62"}],"replies":[{"embeddable":true,"href":"https:\/\/www.radioluna.it\/news\/wp-json\/wp\/v2\/comments?post=174872"}],"version-history":[{"count":0,"href":"https:\/\/www.radioluna.it\/news\/wp-json\/wp\/v2\/posts\/174872\/revisions"}],"wp:featuredmedia":[{"embeddable":true,"href":"https:\/\/www.radioluna.it\/news\/wp-json\/wp\/v2\/media\/174874"}],"wp:attachment":[{"href":"https:\/\/www.radioluna.it\/news\/wp-json\/wp\/v2\/media?parent=174872"}],"wp:term":[{"taxonomy":"category","embeddable":true,"href":"https:\/\/www.radioluna.it\/news\/wp-json\/wp\/v2\/categories?post=174872"},{"taxonomy":"post_tag","embeddable":true,"href":"https:\/\/www.radioluna.it\/news\/wp-json\/wp\/v2\/tags?post=174872"}],"curies":[{"name":"wp","href":"https:\/\/api.w.org\/{rel}","templated":true}]}}