{"id":174933,"date":"2016-03-02T09:22:07","date_gmt":"2016-03-02T08:22:07","guid":{"rendered":"http:\/\/www.radioluna.it\/news\/?p=174933"},"modified":"2016-03-03T10:04:46","modified_gmt":"2016-03-03T09:04:46","slug":"clementino-a-la-fetrinelli-il-rapper-atteso-il-3-marzo","status":"publish","type":"post","link":"https:\/\/www.radioluna.it\/news\/2016\/03\/clementino-a-la-fetrinelli-il-rapper-atteso-il-3-marzo\/","title":{"rendered":"Clementino a La Fetrinelli, il rapper atteso il 3 marzo. E alle 11 su Radio Luna"},"content":{"rendered":"<div id=\"fb-root\"><\/div>\n<div id=\"attachment_174934\" style=\"width: 699px\" class=\"wp-caption aligncenter\"><a href=\"http:\/\/www.radioluna.it\/news\/wp-content\/uploads\/2016\/03\/clementino.jpg\"><img loading=\"lazy\" decoding=\"async\" aria-describedby=\"caption-attachment-174934\" class=\"wp-image-174934 size-thumbnail\" src=\"http:\/\/www.radioluna.it\/news\/wp-content\/uploads\/2016\/03\/clementino-689x551.jpg\" alt=\"clementino\" width=\"689\" height=\"551\" srcset=\"https:\/\/www.radioluna.it\/news\/wp-content\/uploads\/2016\/03\/clementino-689x551.jpg 689w, https:\/\/www.radioluna.it\/news\/wp-content\/uploads\/2016\/03\/clementino-768x614.jpg 768w, https:\/\/www.radioluna.it\/news\/wp-content\/uploads\/2016\/03\/clementino-500x400.jpg 500w, https:\/\/www.radioluna.it\/news\/wp-content\/uploads\/2016\/03\/clementino-300x240.jpg 300w, https:\/\/www.radioluna.it\/news\/wp-content\/uploads\/2016\/03\/clementino.jpg 797w\" sizes=\"auto, (max-width: 689px) 100vw, 689px\" \/><\/a><p id=\"caption-attachment-174934\" class=\"wp-caption-text\">Il rapper (foto da wikipedia)<\/p><\/div>\n<p style=\"text-align: justify;\"><strong>LATINA<\/strong> &#8211; Alle 11 Clementino sar\u00e0 ospite di Radio Luna. Al microfono di Gabriele Brocani, il rapper avellinese si racconter\u00e0 e presenter\u00e0 l&#8217;appuntamento di oggi (Gioved\u00ec 3 marzo) quando a partire dalle 17 \u00a0sar\u00e0 a La Feltrinelli di Via Diaz per firmare le copie del suo ultimo cd doppio Miracolo! e Miracolo Jam, 28 brani e collaborazioni con Pino Daniele, James Senese, Fabri Fibra, Gemitaiz e molti altri.\u00a0Clemente Maccaro, 33 anni, conosciuto anche come Iena White, avellinese, \u00e8 stato acclamatissimo anche al festival di Sanremo con il brano &#8220;Quando sono lontano&#8221;.<\/p>\n<div class=\"radio-posizionamento-telefono-in-articoli-dopo-il-contenuto-articolo radio-entity-placement\" id=\"radio-581660535\"><div id=\"radio-2791967005\"><a href=\"https:\/\/grupporedi.it\/\" aria-label=\"Redi-Qr\"><img loading=\"lazy\" decoding=\"async\" src=\"https:\/\/www.radioluna.it\/news\/wp-content\/uploads\/2026\/03\/Redi-Qr.jpg\" alt=\"\"  srcset=\"https:\/\/www.radioluna.it\/news\/wp-content\/uploads\/2026\/03\/Redi-Qr.jpg 800w, https:\/\/www.radioluna.it\/news\/wp-content\/uploads\/2026\/03\/Redi-Qr-768x639.jpg 768w\" sizes=\"(max-width: 800px) 100vw, 800px\" width=\"300\" height=\"250\"   \/><\/a><\/div><\/div>","protected":false},"excerpt":{"rendered":"<p>LATINA &#8211; Alle 11 Clementino sar\u00e0 ospite di Radio Luna. Al microfono di Gabriele Brocani, il rapper avellinese si racconter\u00e0 e presenter\u00e0 l&#8217;appuntamento di oggi (Gioved\u00ec 3 marzo) quando a partire dalle 17 \u00a0sar\u00e0 a La Feltrinelli di Via Diaz per firmare le copie del suo ultimo cd doppio Miracolo! e Miracolo Jam, 28 brani [&hellip;]<\/p>\n","protected":false},"author":62,"featured_media":174934,"comment_status":"open","ping_status":"closed","sticky":false,"template":"","format":"standard","meta":{"footnotes":""},"categories":[16],"tags":[],"class_list":["post-174933","post","type-post","status-publish","format-standard","has-post-thumbnail","hentry","category-appuntamenti"],"_links":{"self":[{"href":"https:\/\/www.radioluna.it\/news\/wp-json\/wp\/v2\/posts\/174933","targetHints":{"allow":["GET"]}}],"collection":[{"href":"https:\/\/www.radioluna.it\/news\/wp-json\/wp\/v2\/posts"}],"about":[{"href":"https:\/\/www.radioluna.it\/news\/wp-json\/wp\/v2\/types\/post"}],"author":[{"embeddable":true,"href":"https:\/\/www.radioluna.it\/news\/wp-json\/wp\/v2\/users\/62"}],"replies":[{"embeddable":true,"href":"https:\/\/www.radioluna.it\/news\/wp-json\/wp\/v2\/comments?post=174933"}],"version-history":[{"count":0,"href":"https:\/\/www.radioluna.it\/news\/wp-json\/wp\/v2\/posts\/174933\/revisions"}],"wp:featuredmedia":[{"embeddable":true,"href":"https:\/\/www.radioluna.it\/news\/wp-json\/wp\/v2\/media\/174934"}],"wp:attachment":[{"href":"https:\/\/www.radioluna.it\/news\/wp-json\/wp\/v2\/media?parent=174933"}],"wp:term":[{"taxonomy":"category","embeddable":true,"href":"https:\/\/www.radioluna.it\/news\/wp-json\/wp\/v2\/categories?post=174933"},{"taxonomy":"post_tag","embeddable":true,"href":"https:\/\/www.radioluna.it\/news\/wp-json\/wp\/v2\/tags?post=174933"}],"curies":[{"name":"wp","href":"https:\/\/api.w.org\/{rel}","templated":true}]}}