{"id":175024,"date":"2016-03-04T09:01:32","date_gmt":"2016-03-04T08:01:32","guid":{"rendered":"http:\/\/www.radioluna.it\/news\/?p=175024"},"modified":"2016-03-06T07:19:42","modified_gmt":"2016-03-06T06:19:42","slug":"erosione-a-rio-martino-dopo-le-mareggiate-e-allarme","status":"publish","type":"post","link":"https:\/\/www.radioluna.it\/news\/2016\/03\/erosione-a-rio-martino-dopo-le-mareggiate-e-allarme\/","title":{"rendered":"Erosione a Rio Martino, dopo le mareggiate \u00e8 allarme"},"content":{"rendered":"<div id=\"fb-root\"><\/div>\n<p style=\"text-align: justify;\"><a href=\"http:\/\/www.radioluna.it\/news\/wp-content\/uploads\/2016\/03\/erosione.jpg\"><img loading=\"lazy\" decoding=\"async\" class=\"aligncenter size-thumbnail wp-image-175025\" src=\"http:\/\/www.radioluna.it\/news\/wp-content\/uploads\/2016\/03\/erosione-689x388.jpg\" alt=\"erosione\" width=\"689\" height=\"388\" srcset=\"https:\/\/www.radioluna.it\/news\/wp-content\/uploads\/2016\/03\/erosione-689x388.jpg 689w, https:\/\/www.radioluna.it\/news\/wp-content\/uploads\/2016\/03\/erosione-768x432.jpg 768w, https:\/\/www.radioluna.it\/news\/wp-content\/uploads\/2016\/03\/erosione-500x281.jpg 500w, https:\/\/www.radioluna.it\/news\/wp-content\/uploads\/2016\/03\/erosione-300x169.jpg 300w, https:\/\/www.radioluna.it\/news\/wp-content\/uploads\/2016\/03\/erosione-1024x576.jpg 1024w, https:\/\/www.radioluna.it\/news\/wp-content\/uploads\/2016\/03\/erosione-800x450.jpg 800w, https:\/\/www.radioluna.it\/news\/wp-content\/uploads\/2016\/03\/erosione.jpg 1000w\" sizes=\"auto, (max-width: 689px) 100vw, 689px\" \/><\/a><strong>LATINA<\/strong> &#8211; Questa \u00e8 l&#8217;immagine della spiaggia nel tratto pi\u00f9 vicino a Rio Martino dopo le mareggiate di questi giorni. La spiaggia sotto la duna si \u00e8 assottigliata e il mare per un lungo tratto ha scavato una trincea alta oltre un metro.<\/p>\n","protected":false},"excerpt":{"rendered":"<p>LATINA &#8211; Questa \u00e8 l&#8217;immagine della spiaggia nel tratto pi\u00f9 vicino a Rio Martino dopo le mareggiate di questi giorni. La spiaggia sotto la duna si \u00e8 assottigliata e il mare per un lungo tratto ha scavato una trincea alta oltre un metro.<\/p>\n","protected":false},"author":62,"featured_media":175025,"comment_status":"open","ping_status":"closed","sticky":false,"template":"","format":"standard","meta":{"footnotes":""},"categories":[12],"tags":[],"class_list":["post-175024","post","type-post","status-publish","format-standard","has-post-thumbnail","hentry","category-ambiente"],"_links":{"self":[{"href":"https:\/\/www.radioluna.it\/news\/wp-json\/wp\/v2\/posts\/175024","targetHints":{"allow":["GET"]}}],"collection":[{"href":"https:\/\/www.radioluna.it\/news\/wp-json\/wp\/v2\/posts"}],"about":[{"href":"https:\/\/www.radioluna.it\/news\/wp-json\/wp\/v2\/types\/post"}],"author":[{"embeddable":true,"href":"https:\/\/www.radioluna.it\/news\/wp-json\/wp\/v2\/users\/62"}],"replies":[{"embeddable":true,"href":"https:\/\/www.radioluna.it\/news\/wp-json\/wp\/v2\/comments?post=175024"}],"version-history":[{"count":0,"href":"https:\/\/www.radioluna.it\/news\/wp-json\/wp\/v2\/posts\/175024\/revisions"}],"wp:featuredmedia":[{"embeddable":true,"href":"https:\/\/www.radioluna.it\/news\/wp-json\/wp\/v2\/media\/175025"}],"wp:attachment":[{"href":"https:\/\/www.radioluna.it\/news\/wp-json\/wp\/v2\/media?parent=175024"}],"wp:term":[{"taxonomy":"category","embeddable":true,"href":"https:\/\/www.radioluna.it\/news\/wp-json\/wp\/v2\/categories?post=175024"},{"taxonomy":"post_tag","embeddable":true,"href":"https:\/\/www.radioluna.it\/news\/wp-json\/wp\/v2\/tags?post=175024"}],"curies":[{"name":"wp","href":"https:\/\/api.w.org\/{rel}","templated":true}]}}