{"id":175124,"date":"2016-03-07T10:18:08","date_gmt":"2016-03-07T09:18:08","guid":{"rendered":"http:\/\/www.radioluna.it\/news\/?p=175124"},"modified":"2016-03-07T20:33:50","modified_gmt":"2016-03-07T19:33:50","slug":"gautieri-arriva-con-i-suoi-la-comunicazione-ufficiale-dellus-latina-calcio-alle-12-la-conferenza-stampa","status":"publish","type":"post","link":"https:\/\/www.radioluna.it\/news\/2016\/03\/gautieri-arriva-con-i-suoi-la-comunicazione-ufficiale-dellus-latina-calcio-alle-12-la-conferenza-stampa\/","title":{"rendered":"Gautieri si presenta: qui a Latina perch\u00e9 credo in questa squadra"},"content":{"rendered":"<div id=\"fb-root\"><\/div>\n<p style=\"text-align: justify;\"><strong><a href=\"http:\/\/www.radioluna.it\/news\/wp-content\/uploads\/2016\/03\/gautieri1.jpg\"><img loading=\"lazy\" decoding=\"async\" class=\"aligncenter size-thumbnail wp-image-175154\" src=\"http:\/\/www.radioluna.it\/news\/wp-content\/uploads\/2016\/03\/gautieri1-689x459.jpg\" alt=\"gautieri\" width=\"689\" height=\"459\" srcset=\"https:\/\/www.radioluna.it\/news\/wp-content\/uploads\/2016\/03\/gautieri1-689x459.jpg 689w, https:\/\/www.radioluna.it\/news\/wp-content\/uploads\/2016\/03\/gautieri1-768x512.jpg 768w, https:\/\/www.radioluna.it\/news\/wp-content\/uploads\/2016\/03\/gautieri1-500x333.jpg 500w, https:\/\/www.radioluna.it\/news\/wp-content\/uploads\/2016\/03\/gautieri1-600x400.jpg 600w, https:\/\/www.radioluna.it\/news\/wp-content\/uploads\/2016\/03\/gautieri1-300x200.jpg 300w, https:\/\/www.radioluna.it\/news\/wp-content\/uploads\/2016\/03\/gautieri1.jpg 800w\" sizes=\"auto, (max-width: 689px) 100vw, 689px\" \/><\/a>LATINA<\/strong> &#8211; Carmine Gautieri si \u00e8 presentato oggi alle 12 nella sala stampa dello Stadio Domenico Francioni di Latina. L&#8217;ex allenatore di Lanciano, Livorno e Bari sar\u00e0 il nuovo tecnico del Latina, il quarto in questa complicata stagione. &lt;L&#8217;idea che mi sono fatto del Latina &#8211; ha detto &#8211; \u00e8 quella di una\u00a0\u00a0squadra di giocatori di grande personalit\u00e0 ed esperienza che pu\u00f2 e deve dare di pi\u00f9, \u00e8 stata costruita per essere importante&gt;. Sulla scelta di arrivare nel capoluogo pontino, Gautieri \u00e8 stato chiaro.\u00a0\u00a0&lt;Nel momento in cui sono stato chiamato, abbiamo fatto il punto della situazione con la societ\u00e0 \u00a0e ho accettato subito, preferendo quattro mesi di contratto perch\u00e9 credo in questa squadra. Ho accettato con grande entusiasmo, con voglia e consapevolezza di fare bene insieme a tutti. Voglio creare un gruppo nel gruppo, ognuno di noi deve trascinare l&#8217;altro&gt;. Nelle ultime tre partite il Latina ha collezionato appena un punto nelle sfide con Modena, Perugia e Como. &lt;Dobbiamo essere bravi noi a cercare di trovare la soluzione giusta per renderla una sfida meno difficile. Servono lavoro e disponibilit\u00e0 dei ragazzi. Da parte mia ci sar\u00e0 rispetto, l&#8217;importante \u00e8 che si rispettino le situazioni. Quando questo non succede, per quello che \u00e8 il mio modo di pensare, pu\u00f2 cambiare tutto&gt;. \u00a0Il modulo che utilizza Gautieri \u00e8 il 4-3-3. &lt;Poi a partita in corso dipende anche dall&#8217;avversario che trovi di fronte&gt;. Oggi pomeriggio il primo allenamento mentre sabato l&#8217;esordio a Terni contro la Ternana.<\/p>\n","protected":false},"excerpt":{"rendered":"<p>LATINA &#8211; Carmine Gautieri si \u00e8 presentato oggi alle 12 nella sala stampa dello Stadio Domenico Francioni di Latina. L&#8217;ex allenatore di Lanciano, Livorno e Bari sar\u00e0 il nuovo tecnico del Latina, il quarto in questa complicata stagione. &lt;L&#8217;idea che mi sono fatto del Latina &#8211; ha detto &#8211; \u00e8 quella di una\u00a0\u00a0squadra di giocatori [&hellip;]<\/p>\n","protected":false},"author":62,"featured_media":175153,"comment_status":"open","ping_status":"closed","sticky":false,"template":"","format":"standard","meta":{"footnotes":""},"categories":[17],"tags":[],"class_list":["post-175124","post","type-post","status-publish","format-standard","has-post-thumbnail","hentry","category-sport"],"_links":{"self":[{"href":"https:\/\/www.radioluna.it\/news\/wp-json\/wp\/v2\/posts\/175124","targetHints":{"allow":["GET"]}}],"collection":[{"href":"https:\/\/www.radioluna.it\/news\/wp-json\/wp\/v2\/posts"}],"about":[{"href":"https:\/\/www.radioluna.it\/news\/wp-json\/wp\/v2\/types\/post"}],"author":[{"embeddable":true,"href":"https:\/\/www.radioluna.it\/news\/wp-json\/wp\/v2\/users\/62"}],"replies":[{"embeddable":true,"href":"https:\/\/www.radioluna.it\/news\/wp-json\/wp\/v2\/comments?post=175124"}],"version-history":[{"count":0,"href":"https:\/\/www.radioluna.it\/news\/wp-json\/wp\/v2\/posts\/175124\/revisions"}],"wp:featuredmedia":[{"embeddable":true,"href":"https:\/\/www.radioluna.it\/news\/wp-json\/wp\/v2\/media\/175153"}],"wp:attachment":[{"href":"https:\/\/www.radioluna.it\/news\/wp-json\/wp\/v2\/media?parent=175124"}],"wp:term":[{"taxonomy":"category","embeddable":true,"href":"https:\/\/www.radioluna.it\/news\/wp-json\/wp\/v2\/categories?post=175124"},{"taxonomy":"post_tag","embeddable":true,"href":"https:\/\/www.radioluna.it\/news\/wp-json\/wp\/v2\/tags?post=175124"}],"curies":[{"name":"wp","href":"https:\/\/api.w.org\/{rel}","templated":true}]}}