{"id":175298,"date":"2016-03-10T15:12:22","date_gmt":"2016-03-10T14:12:22","guid":{"rendered":"http:\/\/www.radioluna.it\/news\/?p=175298"},"modified":"2016-03-11T09:31:49","modified_gmt":"2016-03-11T08:31:49","slug":"falde-inquinate-a-borgo-sabotino-intervenga-zingaretti","status":"publish","type":"post","link":"https:\/\/www.radioluna.it\/news\/2016\/03\/falde-inquinate-a-borgo-sabotino-intervenga-zingaretti\/","title":{"rendered":"&#8220;Falde inquinate a Borgo Sabotino&#8221;, intervenga Zingaretti&#8221;"},"content":{"rendered":"<div id=\"fb-root\"><\/div>\n<p style=\"text-align: justify;\"><strong><a href=\"http:\/\/www.radioluna.it\/news\/wp-content\/uploads\/2014\/04\/20140414_122921.jpg\"><img loading=\"lazy\" decoding=\"async\" class=\"aligncenter size-thumbnail wp-image-149314\" src=\"http:\/\/www.radioluna.it\/news\/wp-content\/uploads\/2014\/04\/20140414_122921-635x357.jpg\" alt=\"centrale sabotino\" width=\"635\" height=\"357\" \/><\/a>LATINA<\/strong> &#8211;\u00a0 &#8220;Zingaretti intervenga su falde acquifere Borgo Sabotino&#8221;. Lo chiede il consigliere regionale\u00a0del Lazio, Luca Malcotti (Lavoro e Territorio) in risposta alle sollecitazioni che arrivano dai residenti che hanno avviato una raccolta di firme per chiedere tutele. Il problema \u00e8 quello della contaminazione da cloruro di vinile, situazione \u00a0che sar\u00e0 di ben difficile soluzione nel breve periodo (e forse anche nel lungo), ma che comunque richiede preliminarmente uno studio e analisi che accertino le cause dell&#8217;inquinamento, individuando la fonte. \u00a0Per metterci il naso serve un atto di coraggio e quello che potr\u00e0 fare il governatore del Lazio (e il Comune di Latina) \u00a0non \u00e8 bonificare la falda, ma stanziare i fondi per avviare al pi\u00f9 presto uno studio serio nell&#8217;interesse della collettivit\u00e0.<\/p>\n<p style=\"text-align: justify;\">\u201cHo presentato un&#8217;interrogazione al presidente Zingaretti affinch\u00e9 intervenga con la massima urgenza sul grave problema dell&#8217;inquinamento delle falde acquifere in localit\u00e0 Borgo Sabotino di Latina. Le istituzioni regionali devono dare risposte immediate e certe ai cittadini estremamente preoccupati sia per i disservizi sia per l&#8217;impatto di tale inquinamento sulla loro salute &#8211; scrive in una nota\u00a0il consigliere regionale sulla scia di un&#8217;iniziativa avviata da Enrico Tiero, candidato alle primarie del centrodestra che si terranno domenica prossima a Latina. Prima di oggi dati analoghi erano emersi a pi\u00f9 riprese nell&#8217;area, certificati da importanti enti pubblici, ma mai presi sul serio da chi avrebbe dovuto interessarsene in nome e per conto degli abitanti di Latina.<\/p>\n<p style=\"text-align: justify;\">\u201cInnanzitutto chiediamo di far fronte all&#8217;emergenza con l&#8217;istituzione immediata di autobotti permanenti nel territorio- aggiunge &#8211; ma soprattutto di provvedere all\u2019ampliamento della rete idrica, per consentire l&#8217;allaccio tramite il gestore Acqualatina a coloro che non possono pi\u00f9 usufruire dei pozzi. Sul versante del diritto alla salute, chiediamo che siano fornite ai cittadini urgenti spiegazioni in merito ai materiali interrati rinvenuti, per chiarire quali danni siano stati arrecati a chi ha usufruito dell&#8217;acqua inquinata, con analisi epidemiologiche sulla popolazione per verificare le conseguenze del cloruro di vinile presente nell&#8217;acqua e l&#8217;incidenza di tumori o altre patologie&#8221;.<\/p>\n<p style=\"text-align: justify;\">Nell&#8217;area intorno alla centrale come \u00e8 noto il Comune ha vietato l&#8217;utilizzo dei pozzi per il prelievo di acqua sia per uso alimentare che per irrigare i campi. Convocata anche una conferenza di servizi per fare il punto sulla preoccupante situazione. Il tavolo \u00e8 in programma per il 17 marzo.<\/p>\n<p style=\"text-align: justify;\">\n","protected":false},"excerpt":{"rendered":"<p>LATINA &#8211;\u00a0 &#8220;Zingaretti intervenga su falde acquifere Borgo Sabotino&#8221;. Lo chiede il consigliere regionale\u00a0del Lazio, Luca Malcotti (Lavoro e Territorio) in risposta alle sollecitazioni che arrivano dai residenti che hanno avviato una raccolta di firme per chiedere tutele. Il problema \u00e8 quello della contaminazione da cloruro di vinile, situazione \u00a0che sar\u00e0 di ben difficile soluzione [&hellip;]<\/p>\n","protected":false},"author":62,"featured_media":0,"comment_status":"open","ping_status":"closed","sticky":false,"template":"","format":"standard","meta":{"footnotes":""},"categories":[12],"tags":[],"class_list":["post-175298","post","type-post","status-publish","format-standard","hentry","category-ambiente"],"_links":{"self":[{"href":"https:\/\/www.radioluna.it\/news\/wp-json\/wp\/v2\/posts\/175298","targetHints":{"allow":["GET"]}}],"collection":[{"href":"https:\/\/www.radioluna.it\/news\/wp-json\/wp\/v2\/posts"}],"about":[{"href":"https:\/\/www.radioluna.it\/news\/wp-json\/wp\/v2\/types\/post"}],"author":[{"embeddable":true,"href":"https:\/\/www.radioluna.it\/news\/wp-json\/wp\/v2\/users\/62"}],"replies":[{"embeddable":true,"href":"https:\/\/www.radioluna.it\/news\/wp-json\/wp\/v2\/comments?post=175298"}],"version-history":[{"count":0,"href":"https:\/\/www.radioluna.it\/news\/wp-json\/wp\/v2\/posts\/175298\/revisions"}],"wp:attachment":[{"href":"https:\/\/www.radioluna.it\/news\/wp-json\/wp\/v2\/media?parent=175298"}],"wp:term":[{"taxonomy":"category","embeddable":true,"href":"https:\/\/www.radioluna.it\/news\/wp-json\/wp\/v2\/categories?post=175298"},{"taxonomy":"post_tag","embeddable":true,"href":"https:\/\/www.radioluna.it\/news\/wp-json\/wp\/v2\/tags?post=175298"}],"curies":[{"name":"wp","href":"https:\/\/api.w.org\/{rel}","templated":true}]}}