{"id":175331,"date":"2016-03-11T09:16:53","date_gmt":"2016-03-11T08:16:53","guid":{"rendered":"http:\/\/www.radioluna.it\/news\/?p=175331"},"modified":"2016-03-11T12:24:54","modified_gmt":"2016-03-11T11:24:54","slug":"food-for-you-con-sara-gnoli-scarole-e-fagioli-ospite-cosmo-di-russo","status":"publish","type":"post","link":"https:\/\/www.radioluna.it\/news\/2016\/03\/food-for-you-con-sara-gnoli-scarole-e-fagioli-ospite-cosmo-di-russo\/","title":{"rendered":"Food for You con Sara Gnoli: scarola e fagioli. Ospite Cosmo di Russo"},"content":{"rendered":"<div id=\"fb-root\"><\/div>\n<p><a href=\"http:\/\/www.radioluna.it\/news\/wp-content\/uploads\/2016\/03\/Banner_635x300_CDK.jpg\"><img loading=\"lazy\" decoding=\"async\" class=\"aligncenter wp-image-175151\" src=\"http:\/\/www.radioluna.it\/news\/wp-content\/uploads\/2016\/03\/Banner_635x300_CDK.jpg\" alt=\"Banner_635x300_CDK\" width=\"689\" height=\"326\" srcset=\"https:\/\/www.radioluna.it\/news\/wp-content\/uploads\/2016\/03\/Banner_635x300_CDK.jpg 635w, https:\/\/www.radioluna.it\/news\/wp-content\/uploads\/2016\/03\/Banner_635x300_CDK-500x236.jpg 500w, https:\/\/www.radioluna.it\/news\/wp-content\/uploads\/2016\/03\/Banner_635x300_CDK-300x142.jpg 300w\" sizes=\"auto, (max-width: 689px) 100vw, 689px\" \/><\/a><\/p>\n<p style=\"text-align: justify;\"><strong>LATINA<\/strong> &#8211; Il casatiello, la tipica torta salata pasquale, \u00e8 la ricetta presentata oggi in Food For You la rubrica in onda tutti i giorni dal luned\u00ec al venerd\u00ec alle 11,45 su Radio Luna con la chef Sara Gnoli di Umani Food Academy, l\u2019accademia di cucina professionale con sede a Latina.<\/p>\n<audio class=\"wp-audio-shortcode\" id=\"audio-175331-1\" preload=\"none\" style=\"width: 100%;\" controls=\"controls\"><source type=\"audio\/mpeg\" src=\"http:\/\/www.radioluna.it\/news\/wp-content\/uploads\/2016\/03\/food-per-sito6.mp3?_=1\" \/><a href=\"http:\/\/www.radioluna.it\/news\/wp-content\/uploads\/2016\/03\/food-per-sito6.mp3\">http:\/\/www.radioluna.it\/news\/wp-content\/uploads\/2016\/03\/food-per-sito6.mp3<\/a><\/audio>\n<div id=\"attachment_160494\" style=\"width: 699px\" class=\"wp-caption aligncenter\"><a href=\"http:\/\/www.radioluna.it\/news\/wp-content\/uploads\/2015\/02\/SARA-GNOLI.jpg\"><img loading=\"lazy\" decoding=\"async\" aria-describedby=\"caption-attachment-160494\" class=\"wp-image-160494\" src=\"http:\/\/www.radioluna.it\/news\/wp-content\/uploads\/2015\/02\/SARA-GNOLI-1024x689.jpg\" alt=\"La chef Sara Gnoli\" width=\"689\" height=\"464\" \/><\/a><p id=\"caption-attachment-160494\" class=\"wp-caption-text\">La chef Sara Gnoli<\/p><\/div>\n<div class=\"radio-posizionamento-telefono-in-articoli-dopo-il-contenuto-articolo radio-entity-placement\" id=\"radio-4235886039\"><div id=\"radio-2334916827\" style=\"width: 300px;height: 250px;\"><a href=\"https:\/\/www.icarspa.it\/auto\/usate\/latina\/\" aria-label=\"banner aprile icar new life &#8211; auto usate latina\"><img loading=\"lazy\" decoding=\"async\" src=\"https:\/\/www.radioluna.it\/news\/wp-content\/uploads\/2026\/02\/banner-aprile-icar-new-life-auto-usate-latina.gif\" alt=\"\"  width=\"300\" height=\"250\"   \/><\/a><\/div><\/div>","protected":false},"excerpt":{"rendered":"<p>LATINA &#8211; Il casatiello, la tipica torta salata pasquale, \u00e8 la ricetta presentata oggi in Food For You la rubrica in onda tutti i giorni dal luned\u00ec al venerd\u00ec alle 11,45 su Radio Luna con la chef Sara Gnoli di Umani Food Academy, l\u2019accademia di cucina professionale con sede a Latina.<\/p>\n","protected":false},"author":62,"featured_media":175171,"comment_status":"open","ping_status":"closed","sticky":false,"template":"","format":"standard","meta":{"footnotes":""},"categories":[735,2310],"tags":[],"class_list":["post-175331","post","type-post","status-publish","format-standard","has-post-thumbnail","hentry","category-attualita","category-audio"],"_links":{"self":[{"href":"https:\/\/www.radioluna.it\/news\/wp-json\/wp\/v2\/posts\/175331","targetHints":{"allow":["GET"]}}],"collection":[{"href":"https:\/\/www.radioluna.it\/news\/wp-json\/wp\/v2\/posts"}],"about":[{"href":"https:\/\/www.radioluna.it\/news\/wp-json\/wp\/v2\/types\/post"}],"author":[{"embeddable":true,"href":"https:\/\/www.radioluna.it\/news\/wp-json\/wp\/v2\/users\/62"}],"replies":[{"embeddable":true,"href":"https:\/\/www.radioluna.it\/news\/wp-json\/wp\/v2\/comments?post=175331"}],"version-history":[{"count":0,"href":"https:\/\/www.radioluna.it\/news\/wp-json\/wp\/v2\/posts\/175331\/revisions"}],"wp:featuredmedia":[{"embeddable":true,"href":"https:\/\/www.radioluna.it\/news\/wp-json\/wp\/v2\/media\/175171"}],"wp:attachment":[{"href":"https:\/\/www.radioluna.it\/news\/wp-json\/wp\/v2\/media?parent=175331"}],"wp:term":[{"taxonomy":"category","embeddable":true,"href":"https:\/\/www.radioluna.it\/news\/wp-json\/wp\/v2\/categories?post=175331"},{"taxonomy":"post_tag","embeddable":true,"href":"https:\/\/www.radioluna.it\/news\/wp-json\/wp\/v2\/tags?post=175331"}],"curies":[{"name":"wp","href":"https:\/\/api.w.org\/{rel}","templated":true}]}}