{"id":175336,"date":"2016-03-11T11:11:52","date_gmt":"2016-03-11T10:11:52","guid":{"rendered":"http:\/\/www.radioluna.it\/news\/?p=175336"},"modified":"2016-03-11T11:12:25","modified_gmt":"2016-03-11T10:12:25","slug":"banda-della-migliara-ultima-puntata-in-anteprima-con-una-serata-speciale","status":"publish","type":"post","link":"https:\/\/www.radioluna.it\/news\/2016\/03\/banda-della-migliara-ultima-puntata-in-anteprima-con-una-serata-speciale\/","title":{"rendered":"Banda della Migliara, ultima puntata in anteprima con una serata speciale"},"content":{"rendered":"<div id=\"fb-root\"><\/div>\n<div id=\"attachment_171286\" style=\"width: 510px\" class=\"wp-caption aligncenter\"><a href=\"http:\/\/www.radioluna.it\/news\/wp-content\/uploads\/2015\/11\/arresto-finto-toselli.jpg\"><img loading=\"lazy\" decoding=\"async\" aria-describedby=\"caption-attachment-171286\" class=\"size-full wp-image-171286\" src=\"http:\/\/www.radioluna.it\/news\/wp-content\/uploads\/2015\/11\/arresto-finto-toselli.jpg\" alt=\"Il finto arresto di Paolo Toselli, autore e attore nella web serie in Questura con il Questore Giuseppe de Matteis (a destra)\" width=\"500\" height=\"333\" srcset=\"https:\/\/www.radioluna.it\/news\/wp-content\/uploads\/2015\/11\/arresto-finto-toselli.jpg 500w, https:\/\/www.radioluna.it\/news\/wp-content\/uploads\/2015\/11\/arresto-finto-toselli-300x200.jpg 300w\" sizes=\"auto, (max-width: 500px) 100vw, 500px\" \/><\/a><p id=\"caption-attachment-171286\" class=\"wp-caption-text\">Il finto arresto di Paolo Toselli, autore e attore nella web serie in Questura con il Questore Giuseppe de Matteis (a destra)<\/p><\/div>\n<p style=\"text-align: justify;\"><strong>LATINA<\/strong> &#8211; \u00a0Festa di chiusura ai Gufi per la web serie la Banda della Migliara che ha gi\u00e0 riscosso 360 mila visualizzazioni. Con 8000 fan sulla pagina di Fb e diverse immagini e battute che sono entrate nell&#8217;immaginario, non solo pontino, marted\u00ec 15 Marzo, a partire dalle 18, verr\u00e0 trasmessa online l&#8217;ultima puntata. Come sempre sulla pagina de La Banda su Facebook. Per i fan e i pi\u00f9 curiosi, ci sar\u00e0 un&#8217;anteprima sabato 12 Marzo, ai Gufi, che ha deciso di dedicare uno speciale del format proprio alla Banda. Verranno esposte le foto del backstage di Antonio Spirito, il fotografo scomparso di recente che, con le sue immagini, ha contribuito in maniera decisiva all&#8217;affermazione della Banda stessa.<\/p>\n<p style=\"text-align: justify;\">La serata sar\u00e0 accompagnata dalla musica di Little Green Pepperoni, il pi\u00f9 giovane collezionista funk e di vinile in Europa e il DJ Angelo Giliberti. L&#8217;Armata Brancaleone della criminalit\u00e0 composta da\u00a0Sarah Jane Ranieri e Giorgia Trasselli, gli attori Riccardo Toselli, Marco Gargani, Fabio Versaci, Giancarlo Commare, Nathalie Cariolle, Simone Finotti, Vincenzo Notaro, Roberto Stabellini, Giorgio Resini, Paolo Resini, Massimo Marini, Gianluca Scaramella, Roberto Tomei, Chiara Cor, Ilaria Scuotto, Egidio Fia, Leonardo Giuliano, Giuseppe Pannone (e dagli operatori Fabio Falzarano, Mathia Cinelli, Luca Scalia, Lorenzo Moriconi, i montatori Paolo De Asmundis, il color corrector Fabio Scalia, i &#8216;dronisti&#8217; Mauro Cassandra e Andrea Casalvieri)\u00a0\u00e8 stata inserita anche all&#8217;interno della campagna di sensibilizzazione promossa dalla Questura di Latina e da Libera, per &#8220;ridicolizzare&#8221; con l&#8217;arte criminali e i loro clich\u00e9.<\/p>\n<div class=\"radio-posizionamento-telefono-in-articoli-dopo-il-contenuto-articolo radio-entity-placement\" id=\"radio-3373913198\"><div id=\"radio-7170925\"><a href=\"https:\/\/www.simeoneceramiche.com\/\" aria-label=\"SIMEONE CERAMICHE GIF animata per radioluna_Tavola disegno 1 copia 2 (online-video-cutter.com)\"><img loading=\"lazy\" decoding=\"async\" src=\"https:\/\/www.radioluna.it\/news\/wp-content\/uploads\/2025\/05\/SIMEONE-CERAMICHE-GIF-animata-per-radioluna_Tavola-disegno-1-copia-2-online-video-cutter.com_.gif\" alt=\"\"  width=\"300\" height=\"250\"   \/><\/a><\/div><\/div>","protected":false},"excerpt":{"rendered":"<p>LATINA &#8211; \u00a0Festa di chiusura ai Gufi per la web serie la Banda della Migliara che ha gi\u00e0 riscosso 360 mila visualizzazioni. Con 8000 fan sulla pagina di Fb e diverse immagini e battute che sono entrate nell&#8217;immaginario, non solo pontino, marted\u00ec 15 Marzo, a partire dalle 18, verr\u00e0 trasmessa online l&#8217;ultima puntata. Come sempre [&hellip;]<\/p>\n","protected":false},"author":62,"featured_media":171286,"comment_status":"open","ping_status":"closed","sticky":false,"template":"","format":"standard","meta":{"footnotes":""},"categories":[16],"tags":[],"class_list":["post-175336","post","type-post","status-publish","format-standard","has-post-thumbnail","hentry","category-appuntamenti"],"_links":{"self":[{"href":"https:\/\/www.radioluna.it\/news\/wp-json\/wp\/v2\/posts\/175336","targetHints":{"allow":["GET"]}}],"collection":[{"href":"https:\/\/www.radioluna.it\/news\/wp-json\/wp\/v2\/posts"}],"about":[{"href":"https:\/\/www.radioluna.it\/news\/wp-json\/wp\/v2\/types\/post"}],"author":[{"embeddable":true,"href":"https:\/\/www.radioluna.it\/news\/wp-json\/wp\/v2\/users\/62"}],"replies":[{"embeddable":true,"href":"https:\/\/www.radioluna.it\/news\/wp-json\/wp\/v2\/comments?post=175336"}],"version-history":[{"count":0,"href":"https:\/\/www.radioluna.it\/news\/wp-json\/wp\/v2\/posts\/175336\/revisions"}],"wp:featuredmedia":[{"embeddable":true,"href":"https:\/\/www.radioluna.it\/news\/wp-json\/wp\/v2\/media\/171286"}],"wp:attachment":[{"href":"https:\/\/www.radioluna.it\/news\/wp-json\/wp\/v2\/media?parent=175336"}],"wp:term":[{"taxonomy":"category","embeddable":true,"href":"https:\/\/www.radioluna.it\/news\/wp-json\/wp\/v2\/categories?post=175336"},{"taxonomy":"post_tag","embeddable":true,"href":"https:\/\/www.radioluna.it\/news\/wp-json\/wp\/v2\/tags?post=175336"}],"curies":[{"name":"wp","href":"https:\/\/api.w.org\/{rel}","templated":true}]}}