{"id":175342,"date":"2016-03-11T12:40:58","date_gmt":"2016-03-11T11:40:58","guid":{"rendered":"http:\/\/www.radioluna.it\/news\/?p=175342"},"modified":"2016-03-11T14:06:25","modified_gmt":"2016-03-11T13:06:25","slug":"ninfa-il-giardino-piu-bello-ora-e-anche-azienda-agricola","status":"publish","type":"post","link":"https:\/\/www.radioluna.it\/news\/2016\/03\/ninfa-il-giardino-piu-bello-ora-e-anche-azienda-agricola\/","title":{"rendered":"Ninfa, il Giardino pi\u00f9 bello ora \u00e8 anche azienda agricola"},"content":{"rendered":"<div id=\"fb-root\"><\/div>\n<div id=\"attachment_162280\" style=\"width: 271px\" class=\"wp-caption alignleft\"><a href=\"http:\/\/www.radioluna.it\/news\/wp-content\/uploads\/2015\/03\/VISTA-AEREA-DI-NINFA-GIULIVO.jpg\"><img loading=\"lazy\" decoding=\"async\" aria-describedby=\"caption-attachment-162280\" class=\"wp-image-162280 size-full\" src=\"http:\/\/www.radioluna.it\/news\/wp-content\/uploads\/2015\/03\/VISTA-AEREA-DI-NINFA-GIULIVO.jpg\" alt=\"Vista aerea del Giardino di Ninfa\" width=\"261\" height=\"173\" \/><\/a><p id=\"caption-attachment-162280\" class=\"wp-caption-text\">Vista aerea del Giardino di Ninfa<\/p><\/div>\n<p style=\"text-align: justify;\"><strong>LATINA<\/strong> &#8211;\u00a0\u00a0Ha collezionato negli anni il titolo di giardino romantico tra i<\/p>\n<div id=\"attachment_175343\" style=\"width: 310px\" class=\"wp-caption alignleft\"><a href=\"http:\/\/www.radioluna.it\/news\/wp-content\/uploads\/2016\/03\/coriandolo-da-seme-890x395_c.jpg\"><img loading=\"lazy\" decoding=\"async\" aria-describedby=\"caption-attachment-175343\" class=\"wp-image-175343 size-medium\" src=\"http:\/\/www.radioluna.it\/news\/wp-content\/uploads\/2016\/03\/coriandolo-da-seme-890x395_c-300x133.jpg\" alt=\"Coriandolo da seme\" width=\"300\" height=\"133\" srcset=\"https:\/\/www.radioluna.it\/news\/wp-content\/uploads\/2016\/03\/coriandolo-da-seme-890x395_c-300x133.jpg 300w, https:\/\/www.radioluna.it\/news\/wp-content\/uploads\/2016\/03\/coriandolo-da-seme-890x395_c-768x341.jpg 768w, https:\/\/www.radioluna.it\/news\/wp-content\/uploads\/2016\/03\/coriandolo-da-seme-890x395_c-500x222.jpg 500w, https:\/\/www.radioluna.it\/news\/wp-content\/uploads\/2016\/03\/coriandolo-da-seme-890x395_c-689x306.jpg 689w, https:\/\/www.radioluna.it\/news\/wp-content\/uploads\/2016\/03\/coriandolo-da-seme-890x395_c-800x355.jpg 800w, https:\/\/www.radioluna.it\/news\/wp-content\/uploads\/2016\/03\/coriandolo-da-seme-890x395_c.jpg 890w\" sizes=\"auto, (max-width: 300px) 100vw, 300px\" \/><\/a><p id=\"caption-attachment-175343\" class=\"wp-caption-text\">Coriandolo da seme<\/p><\/div>\n<p style=\"text-align: justify;\">pi\u00f9 belli al mondo e quest&#8217;anno anche quello di giardino privato pi\u00f9 bello d&#8217;Italia: \u00e8 il Giardino di Ninfa gestito dalla Fondazione Roffredo Caetani che di recente ha spinto anche l&#8217;acceleratore sull&#8217;agricoltura. L&#8217;azienda agricola di propriet\u00e0 produce ortofrutta, cereali e olio e proprio dagli oliveti di Sermoneta ha ricevuto belle soddisfazioni. \u00a0\u00abNell&#8217;ultimo anno ci siamo dati all&#8217;olivicoltura, ed \u00e8 stato subito un successo nei panel test degli esperti di \u00bboro verde\u00ab\u00bb ha detto all&#8217;Ansa in occasione della presentazione in anteprima dell&#8217;ottava edizione della manifestazione Vinicibando, Pier Giacomo Sottoriva, presidente nella Fondazione Roffredo Caetani \u00a0&#8211; Da questi luoghi incantanti arriva una piccola produzione di olio, 1500 litri a denominazione d&#8217;origine protetta che ha fatto il suo debutto, aggiudicandosi il secondo posto nella categoria fruttato leggero, al Concorso \u00abL&#8217;Olio delle Colline, Paesaggi dell&#8217;extravergine e buona pratica agricola dei Lepini, Ausoni e Aurunci\u00bb.<\/p>\n<p style=\"text-align: justify;\"><strong>IL CORIANDOLO<\/strong> &#8211; E ora la Fondazione Roffredo Caetani, metter\u00e0 in produzione su un&#8217;area di 20 ettari (sui 300 totali) il coriandolo. L&#8217;idea, ha spiegato Sottoriva &#8220;\u00e8 quella di venderlo \u00a0privilegiando la fornitura ai produttori della tipica salsiccia di Monte San Biagio, caratterizzate proprio dall&#8217;utilizzo tra gli ingredienti della spezia secondo una ricetta di origine longobarda&#8221;.<\/p>\n","protected":false},"excerpt":{"rendered":"<p>LATINA &#8211;\u00a0\u00a0Ha collezionato negli anni il titolo di giardino romantico tra i pi\u00f9 belli al mondo e quest&#8217;anno anche quello di giardino privato pi\u00f9 bello d&#8217;Italia: \u00e8 il Giardino di Ninfa gestito dalla Fondazione Roffredo Caetani che di recente ha spinto anche l&#8217;acceleratore sull&#8217;agricoltura. L&#8217;azienda agricola di propriet\u00e0 produce ortofrutta, cereali e olio e proprio [&hellip;]<\/p>\n","protected":false},"author":60,"featured_media":175343,"comment_status":"open","ping_status":"closed","sticky":false,"template":"","format":"standard","meta":{"footnotes":""},"categories":[12],"tags":[],"class_list":["post-175342","post","type-post","status-publish","format-standard","has-post-thumbnail","hentry","category-ambiente"],"_links":{"self":[{"href":"https:\/\/www.radioluna.it\/news\/wp-json\/wp\/v2\/posts\/175342","targetHints":{"allow":["GET"]}}],"collection":[{"href":"https:\/\/www.radioluna.it\/news\/wp-json\/wp\/v2\/posts"}],"about":[{"href":"https:\/\/www.radioluna.it\/news\/wp-json\/wp\/v2\/types\/post"}],"author":[{"embeddable":true,"href":"https:\/\/www.radioluna.it\/news\/wp-json\/wp\/v2\/users\/60"}],"replies":[{"embeddable":true,"href":"https:\/\/www.radioluna.it\/news\/wp-json\/wp\/v2\/comments?post=175342"}],"version-history":[{"count":0,"href":"https:\/\/www.radioluna.it\/news\/wp-json\/wp\/v2\/posts\/175342\/revisions"}],"wp:featuredmedia":[{"embeddable":true,"href":"https:\/\/www.radioluna.it\/news\/wp-json\/wp\/v2\/media\/175343"}],"wp:attachment":[{"href":"https:\/\/www.radioluna.it\/news\/wp-json\/wp\/v2\/media?parent=175342"}],"wp:term":[{"taxonomy":"category","embeddable":true,"href":"https:\/\/www.radioluna.it\/news\/wp-json\/wp\/v2\/categories?post=175342"},{"taxonomy":"post_tag","embeddable":true,"href":"https:\/\/www.radioluna.it\/news\/wp-json\/wp\/v2\/tags?post=175342"}],"curies":[{"name":"wp","href":"https:\/\/api.w.org\/{rel}","templated":true}]}}