{"id":175344,"date":"2016-03-13T14:18:29","date_gmt":"2016-03-13T13:18:29","guid":{"rendered":"http:\/\/www.radioluna.it\/news\/?p=175344"},"modified":"2016-03-14T09:46:48","modified_gmt":"2016-03-14T08:46:48","slug":"lazio-senza-mafie-sette-giorni-di-eventi-per-sostenere-la-lotta-quotidiana-di-tanti-contro-la-criminalita","status":"publish","type":"post","link":"https:\/\/www.radioluna.it\/news\/2016\/03\/lazio-senza-mafie-sette-giorni-di-eventi-per-sostenere-la-lotta-quotidiana-di-tanti-contro-la-criminalita\/","title":{"rendered":"Lazio senza mafie, sette giorni di eventi per sostenere la lotta quotidiana di tanti contro la criminalit\u00e0"},"content":{"rendered":"<div id=\"fb-root\"><\/div>\n<p style=\"text-align: justify;\"><strong><a href=\"http:\/\/www.radioluna.it\/news\/wp-content\/uploads\/2016\/03\/m.jpg\"><img loading=\"lazy\" decoding=\"async\" class=\"aligncenter size-full wp-image-175348\" src=\"http:\/\/www.radioluna.it\/news\/wp-content\/uploads\/2016\/03\/m.jpg\" alt=\"m\" width=\"584\" height=\"420\" srcset=\"https:\/\/www.radioluna.it\/news\/wp-content\/uploads\/2016\/03\/m.jpg 584w, https:\/\/www.radioluna.it\/news\/wp-content\/uploads\/2016\/03\/m-500x360.jpg 500w, https:\/\/www.radioluna.it\/news\/wp-content\/uploads\/2016\/03\/m-300x216.jpg 300w\" sizes=\"auto, (max-width: 584px) 100vw, 584px\" \/><\/a>LATINA<\/strong> &#8211; Da luned\u00ec prossimo 14 marzo il Lazio \u00e8 senza mafie con il\u00a0meeting \u00a0promosso dalla Regione e organizzato dall\u2019Osservatorio per la Sicurezza e la Legalit\u00e0.\u00a0\u00a0Eventi, convegni, dibattiti dedicati alla lotta alla criminalit\u00e0 per un totale di venti appuntamenti che coinvolgono tutte le province e chi \u00a0ogni giorno \u00e8 impegnato nella lotta alle mafie: donne e uomini, giornalisti, magistrati e rappresentanti delle Forze dell\u2019Ordine e delle principali Istituzioni per dare forza un grande esercito che si batte. A Latina l&#8217;appuntamento \u00e8 marted\u00ec 15 marzo nell&#8217;auditorium del Liceo Classico con un concerto dedicato al Papa della Live Aid Symphony Orchestra dal titolo \u00a0&#8220;DEDICATO &#8211; Pensieri di Jorge Mario Bergoglio&#8221;.\u00a0<a href=\"http:\/\/www.radioluna.it\/news\/wp-content\/uploads\/2016\/03\/programma_lazio_senza_mafie_-1.pdf\">programma_lazio_senza_mafie_ (1)<\/a><\/p>\n<p style=\"text-align: justify;\">&#8220;Bisogna capire dove essere utili e il salto di qualit\u00e0 \u00e8 sentirsi parte di una sfida &#8211; ha detto il presidente della Regione Lazio, Nicola Zingaretti, presentato il secondo meeting \u00a0&#8211; per noi la battaglia per la legalit\u00e0 \u00e8 anche una battaglia per lo sviluppo e il lavoro. Se la mafia \u00e8 presente questo evoca un conflitto, e lo Stato deve capire l&#8217;importanza di una economia pulita. Per questo tra le priorit\u00e0 della Regione c&#8217;\u00e8 il rilancio dell&#8217;economia proprio nelle zone pi\u00f9 attenzionate. Ora \u00e8 tempo di un impegno civile e culturale&#8221;.<\/p>\n<p>&#8220;L\u2019impegno nella lotta alla presenza dei clan mafiosi nella Capitale e nel Lazio \u00e8 una battaglia che pu\u00f2 avvenire solo mantenendo alta l\u2019attenzione e le luci sempre accese su un problema drammatico: illegalit\u00e0 e malaffare indeboliscono le coscienze e aggrediscono il tessuto produttivo ed economico del Paese &#8211; dice Gianpiero Cioffredi, presidente dell&#8217;Osservatorio &#8211; servono iniziative per sensibilizzare le coscienze e rendere pi\u00f9 forti e legittimate le forze che lottano contro la criminalit\u00e0&#8221; ASCOLTA<\/p>\n<audio class=\"wp-audio-shortcode\" id=\"audio-175344-1\" preload=\"none\" style=\"width: 100%;\" controls=\"controls\"><source type=\"audio\/mpeg\" src=\"http:\/\/www.radioluna.it\/news\/wp-content\/uploads\/2016\/03\/CIOFFREDI-PER-SITO.mp3?_=1\" \/><a href=\"http:\/\/www.radioluna.it\/news\/wp-content\/uploads\/2016\/03\/CIOFFREDI-PER-SITO.mp3\">http:\/\/www.radioluna.it\/news\/wp-content\/uploads\/2016\/03\/CIOFFREDI-PER-SITO.mp3<\/a><\/audio>\n<div class=\"radio-posizionamento-telefono-in-articoli-dopo-il-contenuto-articolo radio-entity-placement\" id=\"radio-1636646014\"><div id=\"radio-669884358\"><a href=\"https:\/\/grupporedi.it\/\" aria-label=\"Redi-Qr\"><img loading=\"lazy\" decoding=\"async\" src=\"https:\/\/www.radioluna.it\/news\/wp-content\/uploads\/2026\/03\/Redi-Qr.jpg\" alt=\"\"  srcset=\"https:\/\/www.radioluna.it\/news\/wp-content\/uploads\/2026\/03\/Redi-Qr.jpg 800w, https:\/\/www.radioluna.it\/news\/wp-content\/uploads\/2026\/03\/Redi-Qr-768x639.jpg 768w\" sizes=\"(max-width: 800px) 100vw, 800px\" width=\"300\" height=\"250\"   \/><\/a><\/div><\/div>","protected":false},"excerpt":{"rendered":"<p>LATINA &#8211; Da luned\u00ec prossimo 14 marzo il Lazio \u00e8 senza mafie con il\u00a0meeting \u00a0promosso dalla Regione e organizzato dall\u2019Osservatorio per la Sicurezza e la Legalit\u00e0.\u00a0\u00a0Eventi, convegni, dibattiti dedicati alla lotta alla criminalit\u00e0 per un totale di venti appuntamenti che coinvolgono tutte le province e chi \u00a0ogni giorno \u00e8 impegnato nella lotta alle mafie: donne [&hellip;]<\/p>\n","protected":false},"author":62,"featured_media":175348,"comment_status":"open","ping_status":"closed","sticky":false,"template":"","format":"standard","meta":{"footnotes":""},"categories":[16,2310],"tags":[],"class_list":["post-175344","post","type-post","status-publish","format-standard","has-post-thumbnail","hentry","category-appuntamenti","category-audio"],"_links":{"self":[{"href":"https:\/\/www.radioluna.it\/news\/wp-json\/wp\/v2\/posts\/175344","targetHints":{"allow":["GET"]}}],"collection":[{"href":"https:\/\/www.radioluna.it\/news\/wp-json\/wp\/v2\/posts"}],"about":[{"href":"https:\/\/www.radioluna.it\/news\/wp-json\/wp\/v2\/types\/post"}],"author":[{"embeddable":true,"href":"https:\/\/www.radioluna.it\/news\/wp-json\/wp\/v2\/users\/62"}],"replies":[{"embeddable":true,"href":"https:\/\/www.radioluna.it\/news\/wp-json\/wp\/v2\/comments?post=175344"}],"version-history":[{"count":0,"href":"https:\/\/www.radioluna.it\/news\/wp-json\/wp\/v2\/posts\/175344\/revisions"}],"wp:featuredmedia":[{"embeddable":true,"href":"https:\/\/www.radioluna.it\/news\/wp-json\/wp\/v2\/media\/175348"}],"wp:attachment":[{"href":"https:\/\/www.radioluna.it\/news\/wp-json\/wp\/v2\/media?parent=175344"}],"wp:term":[{"taxonomy":"category","embeddable":true,"href":"https:\/\/www.radioluna.it\/news\/wp-json\/wp\/v2\/categories?post=175344"},{"taxonomy":"post_tag","embeddable":true,"href":"https:\/\/www.radioluna.it\/news\/wp-json\/wp\/v2\/tags?post=175344"}],"curies":[{"name":"wp","href":"https:\/\/api.w.org\/{rel}","templated":true}]}}