{"id":175416,"date":"2016-03-14T09:14:08","date_gmt":"2016-03-14T08:14:08","guid":{"rendered":"http:\/\/www.radioluna.it\/news\/?p=175416"},"modified":"2016-03-14T17:29:14","modified_gmt":"2016-03-14T16:29:14","slug":"palmarola-e-zannone-vietate-agli-ornitologi-il-no-di-vigorelli","status":"publish","type":"post","link":"https:\/\/www.radioluna.it\/news\/2016\/03\/palmarola-e-zannone-vietate-agli-ornitologi-il-no-di-vigorelli\/","title":{"rendered":"Palmarola e Zannone vietate agli ornitologi, il no di Vigorelli"},"content":{"rendered":"<div id=\"fb-root\"><\/div>\n<div id=\"attachment_107929\" style=\"width: 610px\" class=\"wp-caption aligncenter\"><a href=\"http:\/\/www.radioluna.it\/news\/wp-content\/uploads\/2011\/08\/1239103192671_dsc_0216-palmarola.jpg\"><img loading=\"lazy\" decoding=\"async\" aria-describedby=\"caption-attachment-107929\" class=\"wp-image-107929 size-full\" src=\"http:\/\/www.radioluna.it\/news\/wp-content\/uploads\/2011\/08\/1239103192671_dsc_0216-palmarola.jpg\" alt=\"Palmarola\" width=\"600\" height=\"400\" srcset=\"https:\/\/www.radioluna.it\/news\/wp-content\/uploads\/2011\/08\/1239103192671_dsc_0216-palmarola.jpg 600w, https:\/\/www.radioluna.it\/news\/wp-content\/uploads\/2011\/08\/1239103192671_dsc_0216-palmarola-300x200.jpg 300w, https:\/\/www.radioluna.it\/news\/wp-content\/uploads\/2011\/08\/1239103192671_dsc_0216-palmarola-500x333.jpg 500w\" sizes=\"auto, (max-width: 600px) 100vw, 600px\" \/><\/a><p id=\"caption-attachment-107929\" class=\"wp-caption-text\">Palmarola<\/p><\/div>\n<p style=\"text-align: justify;\"><strong>LATINA<\/strong> &#8211;\u00a0Il sindaco di Ponza Piero Vigorelli ha vietato agli ornitologi di tre associazioni tra cui la Lipu, il permesso di soggiornare sull&#8217;isola di Palmarola in questo periodo in cui prende il via la migrazione degli uccelli: &#8220;L&#8217;isola \u00e8 deserta, la Forestale non la frequenta, non esistono riserve d&#8217;acqua, non esistono collegamenti con Ponza&#8230; In definitiva, non esistono neppure le minime condizioni di sicurezza, nella buona e soprattutto nella cattiva sorte (condimeteo proibitive)&#8221;, spiega Vigorelli in una nota, aggiungendo che &#8220;il Sindaco non pu\u00f2 prendersi una simile responsabilit\u00e0&#8221;.<\/p>\n<p style=\"text-align: justify;\">Nello stesso tempo, il primo cittadino ha scritto al direttore del Parco del Circeo per informarlo che il Comune di Ponza \u00e8 contrario anche allo sbarco e al soggiorno di ornitologi e volontari sull&#8217;isola di Zannone di cui \u00e8 proprietario (anche se fa parte del Parco) e ha chiesto di fermare le\u00a0Associazioni che hanno programmato &#8220;un lungo soggiorno scientifico a Zannone. Le ragioni prevalenti sono sempre quelle della sicurezza&#8221;, sottolinea Vigorelli che considera &#8220;il fenomeno del bracconaggio ormai appartenente al passato&#8221;.<\/p>\n<p>Diversamente a Ponza dove &#8220;esistendo condizioni di assoluta sicurezza, anche quest&#8217;anno sar\u00e0 sull&#8217;isola l&#8217;equipe di Massimiliano Cardinale (\u00e8 gi\u00e0 al lavoro) e verso fine mese sar\u00e0 a Ponza il presidente della Lipu per un incontro con il Sindaco&#8221;.<\/p>\n","protected":false},"excerpt":{"rendered":"<p>LATINA &#8211;\u00a0Il sindaco di Ponza Piero Vigorelli ha vietato agli ornitologi di tre associazioni tra cui la Lipu, il permesso di soggiornare sull&#8217;isola di Palmarola in questo periodo in cui prende il via la migrazione degli uccelli: &#8220;L&#8217;isola \u00e8 deserta, la Forestale non la frequenta, non esistono riserve d&#8217;acqua, non esistono collegamenti con Ponza&#8230; In [&hellip;]<\/p>\n","protected":false},"author":62,"featured_media":107929,"comment_status":"open","ping_status":"closed","sticky":false,"template":"","format":"standard","meta":{"footnotes":""},"categories":[12],"tags":[],"class_list":["post-175416","post","type-post","status-publish","format-standard","has-post-thumbnail","hentry","category-ambiente"],"_links":{"self":[{"href":"https:\/\/www.radioluna.it\/news\/wp-json\/wp\/v2\/posts\/175416","targetHints":{"allow":["GET"]}}],"collection":[{"href":"https:\/\/www.radioluna.it\/news\/wp-json\/wp\/v2\/posts"}],"about":[{"href":"https:\/\/www.radioluna.it\/news\/wp-json\/wp\/v2\/types\/post"}],"author":[{"embeddable":true,"href":"https:\/\/www.radioluna.it\/news\/wp-json\/wp\/v2\/users\/62"}],"replies":[{"embeddable":true,"href":"https:\/\/www.radioluna.it\/news\/wp-json\/wp\/v2\/comments?post=175416"}],"version-history":[{"count":0,"href":"https:\/\/www.radioluna.it\/news\/wp-json\/wp\/v2\/posts\/175416\/revisions"}],"wp:featuredmedia":[{"embeddable":true,"href":"https:\/\/www.radioluna.it\/news\/wp-json\/wp\/v2\/media\/107929"}],"wp:attachment":[{"href":"https:\/\/www.radioluna.it\/news\/wp-json\/wp\/v2\/media?parent=175416"}],"wp:term":[{"taxonomy":"category","embeddable":true,"href":"https:\/\/www.radioluna.it\/news\/wp-json\/wp\/v2\/categories?post=175416"},{"taxonomy":"post_tag","embeddable":true,"href":"https:\/\/www.radioluna.it\/news\/wp-json\/wp\/v2\/tags?post=175416"}],"curies":[{"name":"wp","href":"https:\/\/api.w.org\/{rel}","templated":true}]}}