{"id":175429,"date":"2016-03-14T10:36:17","date_gmt":"2016-03-14T09:36:17","guid":{"rendered":"http:\/\/www.radioluna.it\/news\/?p=175429"},"modified":"2016-03-14T10:36:17","modified_gmt":"2016-03-14T09:36:17","slug":"incendio-a-priverno-distrutte-una-mini-cooper-e-una-maserati","status":"publish","type":"post","link":"https:\/\/www.radioluna.it\/news\/2016\/03\/incendio-a-priverno-distrutte-una-mini-cooper-e-una-maserati\/","title":{"rendered":"Incendio a Priverno distrutte una Mini cooper e una Maserati"},"content":{"rendered":"<div id=\"fb-root\"><\/div>\n<p style=\"text-align: justify;\"><strong><a href=\"http:\/\/www.radioluna.it\/news\/wp-content\/uploads\/2014\/09\/vigili-del-fuoco-autobotte-in-movimento.jpg\"><img loading=\"lazy\" decoding=\"async\" class=\"aligncenter size-thumbnail wp-image-155458\" src=\"http:\/\/www.radioluna.it\/news\/wp-content\/uploads\/2014\/09\/vigili-del-fuoco-autobotte-in-movimento-635x356.jpg\" alt=\"vigili del fuoco autobotte in movimento\" width=\"635\" height=\"356\" srcset=\"https:\/\/www.radioluna.it\/news\/wp-content\/uploads\/2014\/09\/vigili-del-fuoco-autobotte-in-movimento-635x356.jpg 635w, https:\/\/www.radioluna.it\/news\/wp-content\/uploads\/2014\/09\/vigili-del-fuoco-autobotte-in-movimento-300x169.jpg 300w, https:\/\/www.radioluna.it\/news\/wp-content\/uploads\/2014\/09\/vigili-del-fuoco-autobotte-in-movimento-768x432.jpg 768w, https:\/\/www.radioluna.it\/news\/wp-content\/uploads\/2014\/09\/vigili-del-fuoco-autobotte-in-movimento-500x281.jpg 500w, https:\/\/www.radioluna.it\/news\/wp-content\/uploads\/2014\/09\/vigili-del-fuoco-autobotte-in-movimento-1024x575.jpg 1024w, https:\/\/www.radioluna.it\/news\/wp-content\/uploads\/2014\/09\/vigili-del-fuoco-autobotte-in-movimento-800x449.jpg 800w, https:\/\/www.radioluna.it\/news\/wp-content\/uploads\/2014\/09\/vigili-del-fuoco-autobotte-in-movimento.jpg 1000w\" sizes=\"auto, (max-width: 635px) 100vw, 635px\" \/><\/a>PRIVERNO<\/strong> &#8211; Incendio nel comune di\u00a0Priverno in via Rossi. La squadra dei vigili fuoco del distaccamento di Terracina \u00e8 intervenuta intorno all&#8217;1,30 circa della notte per un incendio che ha distrutto una moto e una Mini cooper e danneggiato una Maserati parcheggiati sotto un palazzo. All&#8217;arrivo dei mezzi di spegnimento le fiamme erano gi\u00e0 alte e non \u00e8 stato possibile accertare le cause. Nessuna persona \u00e8 rimasta coinvolta. Sull&#8217;episodio sono in corso indagini<\/p>\n","protected":false},"excerpt":{"rendered":"<p>PRIVERNO &#8211; Incendio nel comune di\u00a0Priverno in via Rossi. La squadra dei vigili fuoco del distaccamento di Terracina \u00e8 intervenuta intorno all&#8217;1,30 circa della notte per un incendio che ha distrutto una moto e una Mini cooper e danneggiato una Maserati parcheggiati sotto un palazzo. All&#8217;arrivo dei mezzi di spegnimento le fiamme erano gi\u00e0 alte [&hellip;]<\/p>\n","protected":false},"author":62,"featured_media":155458,"comment_status":"open","ping_status":"closed","sticky":false,"template":"","format":"standard","meta":{"footnotes":""},"categories":[7],"tags":[],"class_list":["post-175429","post","type-post","status-publish","format-standard","has-post-thumbnail","hentry","category-cronaca"],"_links":{"self":[{"href":"https:\/\/www.radioluna.it\/news\/wp-json\/wp\/v2\/posts\/175429","targetHints":{"allow":["GET"]}}],"collection":[{"href":"https:\/\/www.radioluna.it\/news\/wp-json\/wp\/v2\/posts"}],"about":[{"href":"https:\/\/www.radioluna.it\/news\/wp-json\/wp\/v2\/types\/post"}],"author":[{"embeddable":true,"href":"https:\/\/www.radioluna.it\/news\/wp-json\/wp\/v2\/users\/62"}],"replies":[{"embeddable":true,"href":"https:\/\/www.radioluna.it\/news\/wp-json\/wp\/v2\/comments?post=175429"}],"version-history":[{"count":0,"href":"https:\/\/www.radioluna.it\/news\/wp-json\/wp\/v2\/posts\/175429\/revisions"}],"wp:featuredmedia":[{"embeddable":true,"href":"https:\/\/www.radioluna.it\/news\/wp-json\/wp\/v2\/media\/155458"}],"wp:attachment":[{"href":"https:\/\/www.radioluna.it\/news\/wp-json\/wp\/v2\/media?parent=175429"}],"wp:term":[{"taxonomy":"category","embeddable":true,"href":"https:\/\/www.radioluna.it\/news\/wp-json\/wp\/v2\/categories?post=175429"},{"taxonomy":"post_tag","embeddable":true,"href":"https:\/\/www.radioluna.it\/news\/wp-json\/wp\/v2\/tags?post=175429"}],"curies":[{"name":"wp","href":"https:\/\/api.w.org\/{rel}","templated":true}]}}