{"id":175445,"date":"2016-03-14T16:46:08","date_gmt":"2016-03-14T15:46:08","guid":{"rendered":"http:\/\/www.radioluna.it\/news\/?p=175445"},"modified":"2016-03-14T16:46:08","modified_gmt":"2016-03-14T15:46:08","slug":"giornate-fai-di-primavera-visite-a-cisterna-satricum-e-gaeta","status":"publish","type":"post","link":"https:\/\/www.radioluna.it\/news\/2016\/03\/giornate-fai-di-primavera-visite-a-cisterna-satricum-e-gaeta\/","title":{"rendered":"Giornate Fai di Primavera, visite a Cisterna, Satricum e Gaeta"},"content":{"rendered":"<div id=\"fb-root\"><\/div>\n<p style=\"text-align: justify;\"><strong><a href=\"http:\/\/www.radioluna.it\/news\/wp-content\/uploads\/2016\/03\/FAI_Iadicicco_DellaPenna_Carollo_DiCori_1_md.jpg\"><img loading=\"lazy\" decoding=\"async\" class=\"aligncenter size-thumbnail wp-image-175446\" src=\"http:\/\/www.radioluna.it\/news\/wp-content\/uploads\/2016\/03\/FAI_Iadicicco_DellaPenna_Carollo_DiCori_1_md-689x495.jpg\" alt=\"FAI_Iadicicco_DellaPenna_Carollo_DiCori_1_md\" width=\"689\" height=\"495\" srcset=\"https:\/\/www.radioluna.it\/news\/wp-content\/uploads\/2016\/03\/FAI_Iadicicco_DellaPenna_Carollo_DiCori_1_md-689x495.jpg 689w, https:\/\/www.radioluna.it\/news\/wp-content\/uploads\/2016\/03\/FAI_Iadicicco_DellaPenna_Carollo_DiCori_1_md-768x552.jpg 768w, https:\/\/www.radioluna.it\/news\/wp-content\/uploads\/2016\/03\/FAI_Iadicicco_DellaPenna_Carollo_DiCori_1_md-500x359.jpg 500w, https:\/\/www.radioluna.it\/news\/wp-content\/uploads\/2016\/03\/FAI_Iadicicco_DellaPenna_Carollo_DiCori_1_md-300x215.jpg 300w, https:\/\/www.radioluna.it\/news\/wp-content\/uploads\/2016\/03\/FAI_Iadicicco_DellaPenna_Carollo_DiCori_1_md-1024x736.jpg 1024w, https:\/\/www.radioluna.it\/news\/wp-content\/uploads\/2016\/03\/FAI_Iadicicco_DellaPenna_Carollo_DiCori_1_md-800x575.jpg 800w, https:\/\/www.radioluna.it\/news\/wp-content\/uploads\/2016\/03\/FAI_Iadicicco_DellaPenna_Carollo_DiCori_1_md.jpg 1000w\" sizes=\"auto, (max-width: 689px) 100vw, 689px\" \/><\/a>LATINA<\/strong> &#8211; Sono tre quest&#8217;anno\u00a0i siti individuati dal FAI per la 24esima edizione delle \u201cGiornate FAI di primavera\u201d che si terr\u00e0, in tutta Italia, sabato e domenica prossimi. Sono: il complesso monumentale di Palazzo Caetani a Cisterna di Latina, il museo e l\u2019acropoli di Satricum a Latina, la cattedrale, la cripta, la chiesa di S.Salvatore, la chiesa di S.Giovanni a Mare, il Palazzo Arcivescovile (apertura riservata agli iscritti) a Gaeta.<\/p>\n<p style=\"text-align: justify;\">&#8220;Tra i 900 siti visitabili sabato e domenica prossimi in tutta Italia \u2013 hanno detto la\u00a0presidente della delegazione pontina del FAI, Rita Carollo, e la responsabile scuole del FAI di Latina, Gilda Iadicicco &#8211;\u00a0la delegazione FAI di Latina ne conta ben tre. Si tratta di monumenti importanti che eccezionalmente apriranno ai visitatori guidati da \u201capprendisti Ciceroni\u201d ovvero gli studenti dei licei classico e artistico di Latina, del Meucci di Aprilia, dell\u2019ITE Salvemini di Latina e del liceo scientifico Ramad\u00f9 di Cisterna&#8221;.\u00a0Le visite a Palazzo Caetani saranno bilingue e sabato dalle 16 alle 17 e domenica dalle 11 alle 12, si terranno rappresentazioni di balli popolari con l\u2019associazione Centro Storico.<\/p>\n<p style=\"text-align: justify;\">\u00abLe Giornate FAI sono una importante occasione non solo di scoperta e valorizzazione dei nostri monumenti \u2013 hanno detto il sindaco Della Penna e il presidente Di Cori \u2013 ma anche come possibile volano economico per un territorio che a fronte di grandi difficolt\u00e0 pu\u00f2 vantare una ricchezza monumentale, storica e paesaggistica. Rilevante \u00e8 il coinvolgimento degli studenti che grazie al FAI possono conoscere ed apprezzare meglio il territorio in cui vivono e quindi accrescere il senso di identit\u00e0 e tutela e valorizzazione. Ringraziamo il FAI per aver scelto questi tre siti importanti che, soprattutto Palazzo Caetani e Satricum, con l\u2019inserimento del Giardino di Ninfa e prossimamente Tres Tabernae, possono costituire un sicuro percorso di richiamo turistico\u00bb.<\/p>\n<div class=\"radio-posizionamento-telefono-in-articoli-dopo-il-contenuto-articolo radio-entity-placement\" id=\"radio-4260503021\"><div id=\"radio-346051850\" style=\"width: 300px;height: 250px;\"><a href=\"https:\/\/www.icarspa.it\/auto\/usate\/latina\/\" aria-label=\"banner aprile icar new life &#8211; auto usate latina\"><img loading=\"lazy\" decoding=\"async\" src=\"https:\/\/www.radioluna.it\/news\/wp-content\/uploads\/2026\/02\/banner-aprile-icar-new-life-auto-usate-latina.gif\" alt=\"\"  width=\"300\" height=\"250\"   \/><\/a><\/div><\/div>","protected":false},"excerpt":{"rendered":"<p>LATINA &#8211; Sono tre quest&#8217;anno\u00a0i siti individuati dal FAI per la 24esima edizione delle \u201cGiornate FAI di primavera\u201d che si terr\u00e0, in tutta Italia, sabato e domenica prossimi. Sono: il complesso monumentale di Palazzo Caetani a Cisterna di Latina, il museo e l\u2019acropoli di Satricum a Latina, la cattedrale, la cripta, la chiesa di S.Salvatore, [&hellip;]<\/p>\n","protected":false},"author":62,"featured_media":175446,"comment_status":"open","ping_status":"closed","sticky":false,"template":"","format":"standard","meta":{"footnotes":""},"categories":[16],"tags":[],"class_list":["post-175445","post","type-post","status-publish","format-standard","has-post-thumbnail","hentry","category-appuntamenti"],"_links":{"self":[{"href":"https:\/\/www.radioluna.it\/news\/wp-json\/wp\/v2\/posts\/175445","targetHints":{"allow":["GET"]}}],"collection":[{"href":"https:\/\/www.radioluna.it\/news\/wp-json\/wp\/v2\/posts"}],"about":[{"href":"https:\/\/www.radioluna.it\/news\/wp-json\/wp\/v2\/types\/post"}],"author":[{"embeddable":true,"href":"https:\/\/www.radioluna.it\/news\/wp-json\/wp\/v2\/users\/62"}],"replies":[{"embeddable":true,"href":"https:\/\/www.radioluna.it\/news\/wp-json\/wp\/v2\/comments?post=175445"}],"version-history":[{"count":0,"href":"https:\/\/www.radioluna.it\/news\/wp-json\/wp\/v2\/posts\/175445\/revisions"}],"wp:featuredmedia":[{"embeddable":true,"href":"https:\/\/www.radioluna.it\/news\/wp-json\/wp\/v2\/media\/175446"}],"wp:attachment":[{"href":"https:\/\/www.radioluna.it\/news\/wp-json\/wp\/v2\/media?parent=175445"}],"wp:term":[{"taxonomy":"category","embeddable":true,"href":"https:\/\/www.radioluna.it\/news\/wp-json\/wp\/v2\/categories?post=175445"},{"taxonomy":"post_tag","embeddable":true,"href":"https:\/\/www.radioluna.it\/news\/wp-json\/wp\/v2\/tags?post=175445"}],"curies":[{"name":"wp","href":"https:\/\/api.w.org\/{rel}","templated":true}]}}