{"id":175481,"date":"2016-03-15T09:30:07","date_gmt":"2016-03-15T08:30:07","guid":{"rendered":"http:\/\/www.radioluna.it\/news\/?p=175481"},"modified":"2016-03-15T16:19:02","modified_gmt":"2016-03-15T15:19:02","slug":"metro-leggera-e-leggerezza-casapound-calandrini-prende-in-giro-la-citta","status":"publish","type":"post","link":"https:\/\/www.radioluna.it\/news\/2016\/03\/metro-leggera-e-leggerezza-casapound-calandrini-prende-in-giro-la-citta\/","title":{"rendered":"Metro leggera e leggerezza. CasaPound: &#8220;Calandrini prende in giro la citt\u00e0&#8221;"},"content":{"rendered":"<div id=\"fb-root\"><\/div>\n<p style=\"text-align: justify;\"><strong><a href=\"http:\/\/www.radioluna.it\/news\/wp-content\/uploads\/2016\/03\/casapound.jpg\"><img loading=\"lazy\" decoding=\"async\" class=\"aligncenter size-full wp-image-175482\" src=\"http:\/\/www.radioluna.it\/news\/wp-content\/uploads\/2016\/03\/casapound.jpg\" alt=\"casapound\" width=\"676\" height=\"960\" srcset=\"https:\/\/www.radioluna.it\/news\/wp-content\/uploads\/2016\/03\/casapound.jpg 676w, https:\/\/www.radioluna.it\/news\/wp-content\/uploads\/2016\/03\/casapound-500x710.jpg 500w, https:\/\/www.radioluna.it\/news\/wp-content\/uploads\/2016\/03\/casapound-211x300.jpg 211w, https:\/\/www.radioluna.it\/news\/wp-content\/uploads\/2016\/03\/casapound-300x426.jpg 300w\" sizes=\"auto, (max-width: 676px) 100vw, 676px\" \/><\/a>LATINA<\/strong> &#8211;\u00a0A poche ore dalla vittoria delle primarie di centrodestra, Nicola Calandrini incassa il primo affondo da parte di CasaPound Latina. In merito alle dichiarazioni sulla metro leggera dell&#8217;ex presidente del consiglio comunale ha risposto Marco Savastano, candidato sindaco del movimento di Viale XVIII dicembre: &#8220;La leggerezza con cui le amministrazioni passate hanno trattato il tema della metro e gli oltre 120 milioni di euro \u00e8 disarmante, tanto pi\u00f9 se ad ammetterlo candidamente \u00e8 il candidato sindaco che pi\u00f9 di tutti rappresenta la continuit\u00e0 con il passato&#8221;. conclude Savastano: &#8220;Abbiamo gi\u00e0 annunciato da tempo che a giugno saremo sulla scheda elettorale. Ci saremo per vincere e dare un&#8217;altra prospettiva a questa citt\u00e0 vittima di malaffare e politici inadeguati&#8221;.<\/p>\n","protected":false},"excerpt":{"rendered":"<p>LATINA &#8211;\u00a0A poche ore dalla vittoria delle primarie di centrodestra, Nicola Calandrini incassa il primo affondo da parte di CasaPound Latina. In merito alle dichiarazioni sulla metro leggera dell&#8217;ex presidente del consiglio comunale ha risposto Marco Savastano, candidato sindaco del movimento di Viale XVIII dicembre: &#8220;La leggerezza con cui le amministrazioni passate hanno trattato il [&hellip;]<\/p>\n","protected":false},"author":60,"featured_media":175482,"comment_status":"open","ping_status":"closed","sticky":false,"template":"","format":"standard","meta":{"footnotes":""},"categories":[8],"tags":[],"class_list":["post-175481","post","type-post","status-publish","format-standard","has-post-thumbnail","hentry","category-politica"],"_links":{"self":[{"href":"https:\/\/www.radioluna.it\/news\/wp-json\/wp\/v2\/posts\/175481","targetHints":{"allow":["GET"]}}],"collection":[{"href":"https:\/\/www.radioluna.it\/news\/wp-json\/wp\/v2\/posts"}],"about":[{"href":"https:\/\/www.radioluna.it\/news\/wp-json\/wp\/v2\/types\/post"}],"author":[{"embeddable":true,"href":"https:\/\/www.radioluna.it\/news\/wp-json\/wp\/v2\/users\/60"}],"replies":[{"embeddable":true,"href":"https:\/\/www.radioluna.it\/news\/wp-json\/wp\/v2\/comments?post=175481"}],"version-history":[{"count":0,"href":"https:\/\/www.radioluna.it\/news\/wp-json\/wp\/v2\/posts\/175481\/revisions"}],"wp:featuredmedia":[{"embeddable":true,"href":"https:\/\/www.radioluna.it\/news\/wp-json\/wp\/v2\/media\/175482"}],"wp:attachment":[{"href":"https:\/\/www.radioluna.it\/news\/wp-json\/wp\/v2\/media?parent=175481"}],"wp:term":[{"taxonomy":"category","embeddable":true,"href":"https:\/\/www.radioluna.it\/news\/wp-json\/wp\/v2\/categories?post=175481"},{"taxonomy":"post_tag","embeddable":true,"href":"https:\/\/www.radioluna.it\/news\/wp-json\/wp\/v2\/tags?post=175481"}],"curies":[{"name":"wp","href":"https:\/\/api.w.org\/{rel}","templated":true}]}}