{"id":175487,"date":"2016-03-15T13:23:30","date_gmt":"2016-03-15T12:23:30","guid":{"rendered":"http:\/\/www.radioluna.it\/news\/?p=175487"},"modified":"2016-03-15T13:26:53","modified_gmt":"2016-03-15T12:26:53","slug":"giovani-e-lavoro-apre-in-curia-il-centro-servizi-policoro","status":"publish","type":"post","link":"https:\/\/www.radioluna.it\/news\/2016\/03\/giovani-e-lavoro-apre-in-curia-il-centro-servizi-policoro\/","title":{"rendered":"Giovani e lavoro, apre in Curia il Centro Servizi Policoro"},"content":{"rendered":"<div id=\"fb-root\"><\/div>\n<p style=\"text-align: justify;\"><strong><a href=\"http:\/\/www.radioluna.it\/news\/wp-content\/uploads\/2016\/03\/Centro-servizi-Policoro-002.jpg\"><img loading=\"lazy\" decoding=\"async\" class=\"aligncenter size-thumbnail wp-image-175488\" src=\"http:\/\/www.radioluna.it\/news\/wp-content\/uploads\/2016\/03\/Centro-servizi-Policoro-002-689x461.jpg\" alt=\"Centro servizi Policoro 002\" width=\"689\" height=\"461\" srcset=\"https:\/\/www.radioluna.it\/news\/wp-content\/uploads\/2016\/03\/Centro-servizi-Policoro-002-689x461.jpg 689w, https:\/\/www.radioluna.it\/news\/wp-content\/uploads\/2016\/03\/Centro-servizi-Policoro-002-768x514.jpg 768w, https:\/\/www.radioluna.it\/news\/wp-content\/uploads\/2016\/03\/Centro-servizi-Policoro-002-500x335.jpg 500w, https:\/\/www.radioluna.it\/news\/wp-content\/uploads\/2016\/03\/Centro-servizi-Policoro-002-600x400.jpg 600w, https:\/\/www.radioluna.it\/news\/wp-content\/uploads\/2016\/03\/Centro-servizi-Policoro-002-300x201.jpg 300w, https:\/\/www.radioluna.it\/news\/wp-content\/uploads\/2016\/03\/Centro-servizi-Policoro-002-1024x685.jpg 1024w, https:\/\/www.radioluna.it\/news\/wp-content\/uploads\/2016\/03\/Centro-servizi-Policoro-002-800x536.jpg 800w, https:\/\/www.radioluna.it\/news\/wp-content\/uploads\/2016\/03\/Centro-servizi-Policoro-002.jpg 1000w\" sizes=\"auto, (max-width: 689px) 100vw, 689px\" \/><\/a>LATINA<\/strong> &#8211;\u00a0Nei giorni scorsi, presso la Curia diocesana di Latina, \u00e8 stato inaugurato il Centro Servizi del Progetto Policoro. Un\u2019importante occasione per i giovani pontini che vogliono essere protagonisti del loro futuro, specie lavorativo. Si tratta di un\u2019iniziativa fortemente sostenuta e incoraggiata dal vescovo Mariano Crociata, realizzata grazie all\u2019impegno congiunto degli Uffici diocesani per la Pastorale sociale, della Pastorale giovanile e vocazionale e della Caritas.<\/p>\n<p style=\"text-align: justify;\">&#8220;Presso la struttura \u00a0&#8211; si legge in una nota &#8211; sar\u00e0 possibile ricevere l\u2019orientamento di base ed informazioni utili sul percorso da seguire per realizzare un\u2019impresa o per la ricerca attiva del lavoro. Inoltre, il Centro Servizi individua risorse, strumenti, servizi e competenze gi\u00e0 presenti sul territorio che possano accompagnare il giovane nell\u2019avvio della sua impresa; offre e promuove percorsi di evangelizzazione, educazione formazione secondo la visione cristiana del buon lavoro.\u00a0I giovani saranno seguiti nella scrittura di un buon curriculum vitae o nella preparazione per affrontare un colloquio di lavoro, o ancora riceveranno sostegno nella scelta delle strategie utili per rafforzare la rete di conoscenze e ad accedere a nuove opportunit\u00e0 di lavoro. Riceveranno informazioni sul Servizio Civile, su Garanzia Giovani, sull\u2019alternanza scuola lavoro, i tirocini formativi, il microcredito, l\u2019esdebitazione e i Piani di Sviluppo Rurale (PSR) in agricoltura&#8221;.<\/p>\n<p style=\"text-align: justify;\">Il Centro servizi \u201cPolicoro\u201d sar\u00e0 aperto al pubblico il marted\u00ec (9.30-12.30) e il venerd\u00ec (15-18), ed \u00e8 situato all\u2019interno della Curia diocesana di Latina (via Sezze 16; tel. 0773-4068015; mail: diocesi.latina@progettopolicoro.it). Il coordinamento delle attivit\u00e0 sar\u00e0 curato dalle Animatrici di Comunit\u00e0 della diocesi, Daniela Pasquali e Valentina Fanella, cui spetter\u00e0 accogliere i giovani che hanno necessit\u00e0 di confronto nell\u2019ambito lavorativo.<\/p>\n","protected":false},"excerpt":{"rendered":"<p>LATINA &#8211;\u00a0Nei giorni scorsi, presso la Curia diocesana di Latina, \u00e8 stato inaugurato il Centro Servizi del Progetto Policoro. Un\u2019importante occasione per i giovani pontini che vogliono essere protagonisti del loro futuro, specie lavorativo. Si tratta di un\u2019iniziativa fortemente sostenuta e incoraggiata dal vescovo Mariano Crociata, realizzata grazie all\u2019impegno congiunto degli Uffici diocesani per la [&hellip;]<\/p>\n","protected":false},"author":62,"featured_media":175488,"comment_status":"open","ping_status":"closed","sticky":false,"template":"","format":"standard","meta":{"footnotes":""},"categories":[11],"tags":[],"class_list":["post-175487","post","type-post","status-publish","format-standard","has-post-thumbnail","hentry","category-economia"],"_links":{"self":[{"href":"https:\/\/www.radioluna.it\/news\/wp-json\/wp\/v2\/posts\/175487","targetHints":{"allow":["GET"]}}],"collection":[{"href":"https:\/\/www.radioluna.it\/news\/wp-json\/wp\/v2\/posts"}],"about":[{"href":"https:\/\/www.radioluna.it\/news\/wp-json\/wp\/v2\/types\/post"}],"author":[{"embeddable":true,"href":"https:\/\/www.radioluna.it\/news\/wp-json\/wp\/v2\/users\/62"}],"replies":[{"embeddable":true,"href":"https:\/\/www.radioluna.it\/news\/wp-json\/wp\/v2\/comments?post=175487"}],"version-history":[{"count":0,"href":"https:\/\/www.radioluna.it\/news\/wp-json\/wp\/v2\/posts\/175487\/revisions"}],"wp:featuredmedia":[{"embeddable":true,"href":"https:\/\/www.radioluna.it\/news\/wp-json\/wp\/v2\/media\/175488"}],"wp:attachment":[{"href":"https:\/\/www.radioluna.it\/news\/wp-json\/wp\/v2\/media?parent=175487"}],"wp:term":[{"taxonomy":"category","embeddable":true,"href":"https:\/\/www.radioluna.it\/news\/wp-json\/wp\/v2\/categories?post=175487"},{"taxonomy":"post_tag","embeddable":true,"href":"https:\/\/www.radioluna.it\/news\/wp-json\/wp\/v2\/tags?post=175487"}],"curies":[{"name":"wp","href":"https:\/\/api.w.org\/{rel}","templated":true}]}}