{"id":175489,"date":"2016-03-15T13:55:48","date_gmt":"2016-03-15T12:55:48","guid":{"rendered":"http:\/\/www.radioluna.it\/news\/?p=175489"},"modified":"2016-03-16T08:41:34","modified_gmt":"2016-03-16T07:41:34","slug":"fermo-zof-il-dirigente-della-mobile-galante-buon-risultato-ma-le-indagini-non-sono-concluse","status":"publish","type":"post","link":"https:\/\/www.radioluna.it\/news\/2016\/03\/fermo-zof-il-dirigente-della-mobile-galante-buon-risultato-ma-le-indagini-non-sono-concluse\/","title":{"rendered":"Fermo Zof, il dirigente della Mobile Galante: &#8220;Buon risultato, ma le indagini non sono concluse&#8221;"},"content":{"rendered":"<div id=\"fb-root\"><\/div>\n<p style=\"text-align: justify;\"><a href=\"http:\/\/www.radioluna.it\/news\/wp-content\/uploads\/2016\/03\/ZOF1.jpg\"><img loading=\"lazy\" decoding=\"async\" class=\"aligncenter size-thumbnail wp-image-175461\" src=\"http:\/\/www.radioluna.it\/news\/wp-content\/uploads\/2016\/03\/ZOF1-689x458.jpg\" alt=\"Arresto Zof\" width=\"689\" height=\"458\" srcset=\"https:\/\/www.radioluna.it\/news\/wp-content\/uploads\/2016\/03\/ZOF1-689x458.jpg 689w, https:\/\/www.radioluna.it\/news\/wp-content\/uploads\/2016\/03\/ZOF1-768x510.jpg 768w, https:\/\/www.radioluna.it\/news\/wp-content\/uploads\/2016\/03\/ZOF1-500x332.jpg 500w, https:\/\/www.radioluna.it\/news\/wp-content\/uploads\/2016\/03\/ZOF1-600x400.jpg 600w, https:\/\/www.radioluna.it\/news\/wp-content\/uploads\/2016\/03\/ZOF1-300x199.jpg 300w, https:\/\/www.radioluna.it\/news\/wp-content\/uploads\/2016\/03\/ZOF1.jpg 787w\" sizes=\"auto, (max-width: 689px) 100vw, 689px\" \/><\/a><strong>LATINA<\/strong> &#8211; &#8220;Abbiamo portato a casa un buon risultato dando risposte ai cittadini che le attendevano, ma le indagini non sono concluse&#8221;. Il dirigente della squadra Mobile di Latina, Antonio Galante ha illustrato oggi i particolari delle indagini che in otto giorni hanno consentito di spingere a costitursi, Alessandro Zof, il 31enne di Latina accusato del tentato omicidio di Roberto Guizzon e Alessio de Cupis sul lungomare Europa al Circeo. La polizia lo aveva localizzato a Napoli nel giro di ventiquattr&#8217;ore dall&#8217;episodio, con ogni probabilit\u00e0 era accompagnato nel viaggio e aiutato sul posto da una o due persone sulla quali sono in corso accertamenti.<\/p>\n<p style=\"text-align: justify;\">&#8220;Quello che possiamo dire \u00e8 che sicuramente c&#8217;\u00e8 stato un innesco partito all&#8217;interno del locale (l&#8217;American Bar) &#8211; ha aggiunto l&#8217;investigatore che ha lavorato in tandem con i poliziotti del commissariato di Terracina &#8211; \u00a0ma adesso dovremo approfondire con calma i fatti per ricostruire gli scenari che si possono nascondere dietro l&#8217;agguato&#8221;. Droga? E&#8217; solo un&#8217;ipotesi visti i trascorsi di alcuni delle persone coinvolte. Quello che preoccupa qualunque sia il movente, \u00e8 la disponibilit\u00e0 di armi, sempre pi\u00f9 diffusa, che testimonia come la criminalit\u00e0 pontina abbia canali di rifornimento aperti e sia pronta a regolare i conti aperti usando i proiettili. Domani mattina alle 10 l&#8217;indagato sar\u00e0 ascoltato per l&#8217;interrogatorio di convalida dal gip Mara Mattioli. Il movente del ferimento sarebbe da ricercare in un diverbio avvenuto all&#8217;interno del locale, a poca distanza dai servizi igienici.<\/p>\n<p style=\"text-align: justify;\">Ascolta Galante al microfono di Antonio Bertizzolo<\/p>\n<audio class=\"wp-audio-shortcode\" id=\"audio-175489-1\" preload=\"none\" style=\"width: 100%;\" controls=\"controls\"><source type=\"audio\/mpeg\" src=\"http:\/\/www.radioluna.it\/news\/wp-content\/uploads\/2016\/03\/galante-per-sito.mp3?_=1\" \/><a href=\"http:\/\/www.radioluna.it\/news\/wp-content\/uploads\/2016\/03\/galante-per-sito.mp3\">http:\/\/www.radioluna.it\/news\/wp-content\/uploads\/2016\/03\/galante-per-sito.mp3<\/a><\/audio>\n<div class=\"radio-posizionamento-telefono-in-articoli-dopo-il-contenuto-articolo radio-entity-placement\" id=\"radio-2386608946\"><div id=\"radio-3203508033\"><a href=\"https:\/\/www.simeoneceramiche.com\/\" aria-label=\"SIMEONE CERAMICHE GIF animata per radioluna_Tavola disegno 1 copia 2 (online-video-cutter.com)\"><img loading=\"lazy\" decoding=\"async\" src=\"https:\/\/www.radioluna.it\/news\/wp-content\/uploads\/2025\/05\/SIMEONE-CERAMICHE-GIF-animata-per-radioluna_Tavola-disegno-1-copia-2-online-video-cutter.com_.gif\" alt=\"\"  width=\"300\" height=\"250\"   \/><\/a><\/div><\/div>","protected":false},"excerpt":{"rendered":"<p>LATINA &#8211; &#8220;Abbiamo portato a casa un buon risultato dando risposte ai cittadini che le attendevano, ma le indagini non sono concluse&#8221;. Il dirigente della squadra Mobile di Latina, Antonio Galante ha illustrato oggi i particolari delle indagini che in otto giorni hanno consentito di spingere a costitursi, Alessandro Zof, il 31enne di Latina accusato [&hellip;]<\/p>\n","protected":false},"author":62,"featured_media":175461,"comment_status":"open","ping_status":"closed","sticky":false,"template":"","format":"standard","meta":{"footnotes":""},"categories":[2310,7],"tags":[],"class_list":["post-175489","post","type-post","status-publish","format-standard","has-post-thumbnail","hentry","category-audio","category-cronaca"],"_links":{"self":[{"href":"https:\/\/www.radioluna.it\/news\/wp-json\/wp\/v2\/posts\/175489","targetHints":{"allow":["GET"]}}],"collection":[{"href":"https:\/\/www.radioluna.it\/news\/wp-json\/wp\/v2\/posts"}],"about":[{"href":"https:\/\/www.radioluna.it\/news\/wp-json\/wp\/v2\/types\/post"}],"author":[{"embeddable":true,"href":"https:\/\/www.radioluna.it\/news\/wp-json\/wp\/v2\/users\/62"}],"replies":[{"embeddable":true,"href":"https:\/\/www.radioluna.it\/news\/wp-json\/wp\/v2\/comments?post=175489"}],"version-history":[{"count":0,"href":"https:\/\/www.radioluna.it\/news\/wp-json\/wp\/v2\/posts\/175489\/revisions"}],"wp:featuredmedia":[{"embeddable":true,"href":"https:\/\/www.radioluna.it\/news\/wp-json\/wp\/v2\/media\/175461"}],"wp:attachment":[{"href":"https:\/\/www.radioluna.it\/news\/wp-json\/wp\/v2\/media?parent=175489"}],"wp:term":[{"taxonomy":"category","embeddable":true,"href":"https:\/\/www.radioluna.it\/news\/wp-json\/wp\/v2\/categories?post=175489"},{"taxonomy":"post_tag","embeddable":true,"href":"https:\/\/www.radioluna.it\/news\/wp-json\/wp\/v2\/tags?post=175489"}],"curies":[{"name":"wp","href":"https:\/\/api.w.org\/{rel}","templated":true}]}}