{"id":175492,"date":"2016-03-15T14:18:38","date_gmt":"2016-03-15T13:18:38","guid":{"rendered":"http:\/\/www.radioluna.it\/news\/?p=175492"},"modified":"2017-12-26T19:21:58","modified_gmt":"2017-12-26T18:21:58","slug":"ninfa-senza-file-la-fondazione-caetani-attiva-il-sistema-di-prenotazione-on-line","status":"publish","type":"post","link":"https:\/\/www.radioluna.it\/news\/2016\/03\/ninfa-senza-file-la-fondazione-caetani-attiva-il-sistema-di-prenotazione-on-line\/","title":{"rendered":"Ninfa senza file, la Fondazione Caetani attiva il sistema di prenotazione on line"},"content":{"rendered":"<div id=\"fb-root\"><\/div>\n<p style=\"text-align: justify;\"><a href=\"http:\/\/www.radioluna.it\/news\/wp-content\/uploads\/2016\/03\/SITO-NINFA-ON-LINE.png\"><img loading=\"lazy\" decoding=\"async\" class=\"aligncenter size-thumbnail wp-image-175494\" src=\"http:\/\/www.radioluna.it\/news\/wp-content\/uploads\/2016\/03\/SITO-NINFA-ON-LINE-689x336.png\" alt=\"SITO NINFA ON LINE\" width=\"689\" height=\"336\" srcset=\"https:\/\/www.radioluna.it\/news\/wp-content\/uploads\/2016\/03\/SITO-NINFA-ON-LINE-689x336.png 689w, https:\/\/www.radioluna.it\/news\/wp-content\/uploads\/2016\/03\/SITO-NINFA-ON-LINE-768x374.png 768w, https:\/\/www.radioluna.it\/news\/wp-content\/uploads\/2016\/03\/SITO-NINFA-ON-LINE-500x243.png 500w, https:\/\/www.radioluna.it\/news\/wp-content\/uploads\/2016\/03\/SITO-NINFA-ON-LINE-300x146.png 300w, https:\/\/www.radioluna.it\/news\/wp-content\/uploads\/2016\/03\/SITO-NINFA-ON-LINE-1024x499.png 1024w, https:\/\/www.radioluna.it\/news\/wp-content\/uploads\/2016\/03\/SITO-NINFA-ON-LINE-800x390.png 800w, https:\/\/www.radioluna.it\/news\/wp-content\/uploads\/2016\/03\/SITO-NINFA-ON-LINE.png 1000w\" sizes=\"auto, (max-width: 689px) 100vw, 689px\" \/><\/a><strong>LATINA<\/strong> &#8211; Il Giardino di Ninfa sar\u00e0 visitabile, a partire da Pasqua, con il sistema di prenotazioni on line. &#8220;Le file all&#8217;ingresso sono cresciute in maniera significativa negli ultimi anni e pensiamo che la grande pubblicit\u00e0 data al Giardino da alcuni riconoscimenti e iniziative recenti non faranno che accrescere il desiderio di tanti di venirci a trovare. Vogliamo dunque che lo facciano in serenit\u00e0, senza dover affrontare attese interminabili. Ci \u00e8 sembrato un segno di rispetto consentire a chi decide di visitare Ninfa e arriva magari da posti lontani, di poter sapere a che ora comincer\u00e0 la sua visita guidata&#8221;, spiega Tommaso Agnoni, vicepresidente della Fondazione Caetani \u00a0che gestisce il Monumento Naturale e che ha guidato voluto la mini-rivoluzione tra le mura della citt\u00e0 medievale.<\/p>\n<p style=\"text-align: justify;\">Fra poche ore, il sistema realizzato sul sito www.giardinodininfa.eu (creato dall&#8217;agenzia Keller) sar\u00e0 attivo. In tre click si potr\u00e0 acquistare il biglietto con il sistema Paypal scegliendo data e orario della visita. Il biglietto potr\u00e0 essere stampato o, anche pi\u00f9 semplicemente, archiviato sul proprio smartphone per essere mostrato all&#8217;ingresso, ecologico e in linea con lo spirito che anima un luogo incantato come Ninfa. Per chi non si sar\u00e0 prenotato rester\u00e0, per il momento, la possibilit\u00e0 di acquistare i biglietti all&#8217;ingresso.<\/p>\n<p style=\"text-align: justify;\">Ascolta Agnoni<\/p>\n<audio class=\"wp-audio-shortcode\" id=\"audio-175492-1\" preload=\"none\" style=\"width: 100%;\" controls=\"controls\"><source type=\"audio\/mpeg\" src=\"http:\/\/www.radioluna.it\/news\/wp-content\/uploads\/2016\/03\/ninfa-agnoni-biglietteria-on-line-PER-SITO.mp3?_=1\" \/><a href=\"http:\/\/www.radioluna.it\/news\/wp-content\/uploads\/2016\/03\/ninfa-agnoni-biglietteria-on-line-PER-SITO.mp3\">http:\/\/www.radioluna.it\/news\/wp-content\/uploads\/2016\/03\/ninfa-agnoni-biglietteria-on-line-PER-SITO.mp3<\/a><\/audio>\n<div class=\"radio-posizionamento-telefono-in-articoli-dopo-il-contenuto-articolo radio-entity-placement\" id=\"radio-2942385916\"><div id=\"radio-132754851\"><a href=\"https:\/\/grupporedi.it\/\" aria-label=\"Redi-Qr\"><img loading=\"lazy\" decoding=\"async\" src=\"https:\/\/www.radioluna.it\/news\/wp-content\/uploads\/2026\/03\/Redi-Qr.jpg\" alt=\"\"  srcset=\"https:\/\/www.radioluna.it\/news\/wp-content\/uploads\/2026\/03\/Redi-Qr.jpg 800w, https:\/\/www.radioluna.it\/news\/wp-content\/uploads\/2026\/03\/Redi-Qr-768x639.jpg 768w\" sizes=\"(max-width: 800px) 100vw, 800px\" width=\"300\" height=\"250\"   \/><\/a><\/div><\/div>","protected":false},"excerpt":{"rendered":"<p>LATINA &#8211; Il Giardino di Ninfa sar\u00e0 visitabile, a partire da Pasqua, con il sistema di prenotazioni on line. &#8220;Le file all&#8217;ingresso sono cresciute in maniera significativa negli ultimi anni e pensiamo che la grande pubblicit\u00e0 data al Giardino da alcuni riconoscimenti e iniziative recenti non faranno che accrescere il desiderio di tanti di venirci [&hellip;]<\/p>\n","protected":false},"author":62,"featured_media":175496,"comment_status":"open","ping_status":"closed","sticky":false,"template":"","format":"standard","meta":{"footnotes":""},"categories":[735,2310],"tags":[],"class_list":["post-175492","post","type-post","status-publish","format-standard","has-post-thumbnail","hentry","category-attualita","category-audio"],"_links":{"self":[{"href":"https:\/\/www.radioluna.it\/news\/wp-json\/wp\/v2\/posts\/175492","targetHints":{"allow":["GET"]}}],"collection":[{"href":"https:\/\/www.radioluna.it\/news\/wp-json\/wp\/v2\/posts"}],"about":[{"href":"https:\/\/www.radioluna.it\/news\/wp-json\/wp\/v2\/types\/post"}],"author":[{"embeddable":true,"href":"https:\/\/www.radioluna.it\/news\/wp-json\/wp\/v2\/users\/62"}],"replies":[{"embeddable":true,"href":"https:\/\/www.radioluna.it\/news\/wp-json\/wp\/v2\/comments?post=175492"}],"version-history":[{"count":0,"href":"https:\/\/www.radioluna.it\/news\/wp-json\/wp\/v2\/posts\/175492\/revisions"}],"wp:featuredmedia":[{"embeddable":true,"href":"https:\/\/www.radioluna.it\/news\/wp-json\/wp\/v2\/media\/175496"}],"wp:attachment":[{"href":"https:\/\/www.radioluna.it\/news\/wp-json\/wp\/v2\/media?parent=175492"}],"wp:term":[{"taxonomy":"category","embeddable":true,"href":"https:\/\/www.radioluna.it\/news\/wp-json\/wp\/v2\/categories?post=175492"},{"taxonomy":"post_tag","embeddable":true,"href":"https:\/\/www.radioluna.it\/news\/wp-json\/wp\/v2\/tags?post=175492"}],"curies":[{"name":"wp","href":"https:\/\/api.w.org\/{rel}","templated":true}]}}