{"id":175532,"date":"2016-03-16T15:26:46","date_gmt":"2016-03-16T14:26:46","guid":{"rendered":"http:\/\/www.radioluna.it\/news\/?p=175532"},"modified":"2016-03-17T08:13:23","modified_gmt":"2016-03-17T07:13:23","slug":"sezze-lettera-del-papa-per-la-passione-di-cristo-che-si-terra-a-roma","status":"publish","type":"post","link":"https:\/\/www.radioluna.it\/news\/2016\/03\/sezze-lettera-del-papa-per-la-passione-di-cristo-che-si-terra-a-roma\/","title":{"rendered":"Sezze, lettera del Papa per la Passione di Cristo che si terr\u00e0 a Roma"},"content":{"rendered":"<div id=\"fb-root\"><\/div>\n<p style=\"text-align: justify;\"><strong><a href=\"http:\/\/www.radioluna.it\/news\/wp-content\/uploads\/2014\/03\/papa_francesco.jpg\"><img loading=\"lazy\" decoding=\"async\" class=\"aligncenter wp-image-148298\" src=\"http:\/\/www.radioluna.it\/news\/wp-content\/uploads\/2014\/03\/papa_francesco.jpg\" alt=\"papa_francesco\" width=\"689\" height=\"380\" srcset=\"https:\/\/www.radioluna.it\/news\/wp-content\/uploads\/2014\/03\/papa_francesco.jpg 399w, https:\/\/www.radioluna.it\/news\/wp-content\/uploads\/2014\/03\/papa_francesco-300x165.jpg 300w\" sizes=\"auto, (max-width: 689px) 100vw, 689px\" \/><\/a>SEZZE<\/strong> &#8211;\u00a0 Una lettera firmata personalmente da Papa Francesco inviata al presidente dell\u2019Associazione della Passione di Cristo di Sezze, Elio Magagnoli, in vista della Rappresentazione straordinaria in programma stasera a Roma, e di quella tradizionale del Venerd\u00ec Santo di Sezze.<br \/>\nE\u2019 questa la straordinaria sorpresa che l\u2019Associazione setina ha ricevuto ieri, nel pieno dei preparativi per l\u2019attesa manifestazione in programma con inizio alle ore 19, in Piazza San Francesco d&#8217;Assisi, davanti al Santuario francescano di San Francesco a Ripa (zona Trastevere). Sar\u00e0 presente anche il segretario personale di Papa Francesco, Padre Yohannis Lahzi Gaid (viceparroco di Santa Domitilla a Latina fino alla nomina) che ha garantito la sua presenza. Alla Rappresentazione straordinaria, realizzata in collaborazione con il\u00a0Comune di Sezze,\u00a0l&#8217;U.N.I.T.A.L.S.I. (Unione Nazionale Italiana Trasporto Ammalati a Lourdes e Santuari Internazionali) di Roma,\u00a0la parrocchia di\u00a0San Francesco a Ripa,\u00a0con la collaborazione e il finanziamento della\u00a0Regione Lazio,\u00a0e il patrocinio del\u00a0Comune di Roma, e\u2019 stato invitato anche Papa Francesco che voluto quindi inviare un suo personale saluto:<br \/>\n\u201cHo apprezzato in maniera particolare \u2013 scrive il Pontefice nella sua lettera \u2013 che tale rappresentazione sia stata voluta proprio in coincidenza con il Giubileo straordinario della misericordia che ho voluto indire \u201callo scopo di risvegliare la nostra coscienza spesso assopita davanti al dramma della povert\u00e0 e per entrare sempre piu\u2019 nel cuore del Vangelo, dove i poveri sono i privilegiati della misericordia divina\u201d. Auguro a lei e all\u2019associazione che presiede \u2013 continua Papa Francesco rivolgendosi al presidente Magagnoli \u2013 a tutti coloro che daranno vita alla sacra Rappresentazione a Roma e, il prossimo venerd\u00ec santo, a Sezze, di poter essere ogni giorno parola e gesto di perdono, di sostegno, di aiuto, di amore, cio\u00e8 costruttori di una nuova umanit\u00e0, modellata intorno all\u2019architrave della Chiesa, la misericordia di Dio: di questa misericordia prego perch\u00e9 tutti gli uomini e le donne di buona volont\u00e0 di Sezze faccia sempre piu\u2019 spesso esperienza e diventino essi stessi missionari.<br \/>\nVi proteggano e vi aiutino San Carlo da Sezze e tutti gli altri santi della vostra cara terra.<br \/>\nChiedo una preghiera per me, mentre di cuore saluto e benedico tutti voi\u201d.<br \/>\n\u201cCon tanta emozione &#8211; afferma il presidente Elio Magagnoli &#8211; a nome dell\u2019intera Associazione setina, ringrazio con infinita devozione il Santo Padre per le straordinarie parole che ha avuto per tutti noi e per le rappresentazioni di Roma e Sezze. La parola di Papa Francesco e\u2019 motivo di grande stimolo per continuare il nostro percorso che e\u2019 anche un cammino di pellegrinaggio nei piu\u2019 importanti centri della cristianit\u00e0. Vogliamo cosi\u2019 dare il nostro contributo a diffondere lo spirito e la forza che ispirano le parole e l\u2019opera pastorale del Papa in questo giubileo della misericordia\u201d<br \/>\nSaranno centinaia gli attori e figuranti che parteciperanno a questa edizione straordinaria della Passione di Sezze, diretta dal regista Piero Formicuccia.<\/p>\n<div class=\"radio-posizionamento-telefono-in-articoli-dopo-il-contenuto-articolo radio-entity-placement\" id=\"radio-2393515629\"><div id=\"radio-2971579824\" style=\"width: 300px;height: 250px;\"><a href=\"https:\/\/www.icarspa.it\/auto\/usate\/latina\/\" aria-label=\"banner aprile icar new life &#8211; auto usate latina\"><img loading=\"lazy\" decoding=\"async\" src=\"https:\/\/www.radioluna.it\/news\/wp-content\/uploads\/2026\/02\/banner-aprile-icar-new-life-auto-usate-latina.gif\" alt=\"\"  width=\"300\" height=\"250\"   \/><\/a><\/div><\/div>","protected":false},"excerpt":{"rendered":"<p>SEZZE &#8211;\u00a0 Una lettera firmata personalmente da Papa Francesco inviata al presidente dell\u2019Associazione della Passione di Cristo di Sezze, Elio Magagnoli, in vista della Rappresentazione straordinaria in programma stasera a Roma, e di quella tradizionale del Venerd\u00ec Santo di Sezze. E\u2019 questa la straordinaria sorpresa che l\u2019Associazione setina ha ricevuto ieri, nel pieno dei preparativi [&hellip;]<\/p>\n","protected":false},"author":62,"featured_media":148298,"comment_status":"open","ping_status":"closed","sticky":false,"template":"","format":"standard","meta":{"footnotes":""},"categories":[16],"tags":[],"class_list":["post-175532","post","type-post","status-publish","format-standard","has-post-thumbnail","hentry","category-appuntamenti"],"_links":{"self":[{"href":"https:\/\/www.radioluna.it\/news\/wp-json\/wp\/v2\/posts\/175532","targetHints":{"allow":["GET"]}}],"collection":[{"href":"https:\/\/www.radioluna.it\/news\/wp-json\/wp\/v2\/posts"}],"about":[{"href":"https:\/\/www.radioluna.it\/news\/wp-json\/wp\/v2\/types\/post"}],"author":[{"embeddable":true,"href":"https:\/\/www.radioluna.it\/news\/wp-json\/wp\/v2\/users\/62"}],"replies":[{"embeddable":true,"href":"https:\/\/www.radioluna.it\/news\/wp-json\/wp\/v2\/comments?post=175532"}],"version-history":[{"count":0,"href":"https:\/\/www.radioluna.it\/news\/wp-json\/wp\/v2\/posts\/175532\/revisions"}],"wp:featuredmedia":[{"embeddable":true,"href":"https:\/\/www.radioluna.it\/news\/wp-json\/wp\/v2\/media\/148298"}],"wp:attachment":[{"href":"https:\/\/www.radioluna.it\/news\/wp-json\/wp\/v2\/media?parent=175532"}],"wp:term":[{"taxonomy":"category","embeddable":true,"href":"https:\/\/www.radioluna.it\/news\/wp-json\/wp\/v2\/categories?post=175532"},{"taxonomy":"post_tag","embeddable":true,"href":"https:\/\/www.radioluna.it\/news\/wp-json\/wp\/v2\/tags?post=175532"}],"curies":[{"name":"wp","href":"https:\/\/api.w.org\/{rel}","templated":true}]}}