{"id":175563,"date":"2016-03-17T10:38:37","date_gmt":"2016-03-17T09:38:37","guid":{"rendered":"http:\/\/www.radioluna.it\/news\/?p=175563"},"modified":"2016-03-17T18:35:30","modified_gmt":"2016-03-17T17:35:30","slug":"latina-bene-comune-qualita-della-vita-incontro-alla-stoa","status":"publish","type":"post","link":"https:\/\/www.radioluna.it\/news\/2016\/03\/latina-bene-comune-qualita-della-vita-incontro-alla-stoa\/","title":{"rendered":"Latina Bene Comune\u00a0\u201cQualit\u00e0 della vita\u201d, incontro alla Sto\u00e0\u00a0"},"content":{"rendered":"<div id=\"fb-root\"><\/div>\n<p style=\"text-align: justify;\"><strong><a href=\"http:\/\/www.radioluna.it\/news\/wp-content\/uploads\/2016\/03\/qualita-lbc.jpg\"><img loading=\"lazy\" decoding=\"async\" class=\"aligncenter wp-image-175564\" src=\"http:\/\/www.radioluna.it\/news\/wp-content\/uploads\/2016\/03\/qualita-lbc.jpg\" alt=\"qualita lbc\" width=\"689\" height=\"1001\" srcset=\"https:\/\/www.radioluna.it\/news\/wp-content\/uploads\/2016\/03\/qualita-lbc.jpg 360w, https:\/\/www.radioluna.it\/news\/wp-content\/uploads\/2016\/03\/qualita-lbc-207x300.jpg 207w, https:\/\/www.radioluna.it\/news\/wp-content\/uploads\/2016\/03\/qualita-lbc-300x436.jpg 300w\" sizes=\"auto, (max-width: 689px) 100vw, 689px\" \/><\/a>LATINA<\/strong> &#8211;\u00a0La Qualit\u00e0 della Vita e le azioni che si possono mettere in campo per rendere Latina pi\u00f9 vivibile sono al centro del prossimo incontro tematico organizzato da Latina Bene Comune.\u00a0L\u2019evento, aperto a tutta la cittadinanza, \u00e8 a cura del gruppo di LBC che in questi mesi ha lavorato sull\u2019area dei servizi sociali e si terr\u00e0 venerd\u00ec 18 marzo alle ore 18.30 presso la Galleria Sto\u00e0 di via Cesare Battisti.<\/p>\n<p style=\"text-align: justify;\">La questione sociale \u00e8 al primo posto nel programma elettorale di Latina Bene Comune perch\u00e9 \u00e8 tale anche tra i temi avvertiti come pi\u00f9 urgenti dai cittadini di Latina. \u00abAbbiamo fatto nostre le esperienze di vita vissute dalle persone e dai volontari di varie associazioni che operano nel sociale \u2013 sottolineano gli organizzatori del Comitato di LBC \u2013 abbiamo elaborato con consapevolezza e pragmaticit\u00e0 un programma \u201csostenibile\u201d che persegue un solo obiettivo: la qualit\u00e0 della vita nella nostra citt\u00e0. Partecipare all\u2019incontro \u00e8 il modo migliore per conoscere e capire le nostre proposte in merito\u00bb.\u00a0Chiuder\u00e0 l\u2019incontro il candidato sindaco Damiano Coletta.<\/p>\n","protected":false},"excerpt":{"rendered":"<p>LATINA &#8211;\u00a0La Qualit\u00e0 della Vita e le azioni che si possono mettere in campo per rendere Latina pi\u00f9 vivibile sono al centro del prossimo incontro tematico organizzato da Latina Bene Comune.\u00a0L\u2019evento, aperto a tutta la cittadinanza, \u00e8 a cura del gruppo di LBC che in questi mesi ha lavorato sull\u2019area dei servizi sociali e si [&hellip;]<\/p>\n","protected":false},"author":62,"featured_media":175564,"comment_status":"open","ping_status":"closed","sticky":false,"template":"","format":"standard","meta":{"footnotes":""},"categories":[8],"tags":[],"class_list":["post-175563","post","type-post","status-publish","format-standard","has-post-thumbnail","hentry","category-politica"],"_links":{"self":[{"href":"https:\/\/www.radioluna.it\/news\/wp-json\/wp\/v2\/posts\/175563","targetHints":{"allow":["GET"]}}],"collection":[{"href":"https:\/\/www.radioluna.it\/news\/wp-json\/wp\/v2\/posts"}],"about":[{"href":"https:\/\/www.radioluna.it\/news\/wp-json\/wp\/v2\/types\/post"}],"author":[{"embeddable":true,"href":"https:\/\/www.radioluna.it\/news\/wp-json\/wp\/v2\/users\/62"}],"replies":[{"embeddable":true,"href":"https:\/\/www.radioluna.it\/news\/wp-json\/wp\/v2\/comments?post=175563"}],"version-history":[{"count":0,"href":"https:\/\/www.radioluna.it\/news\/wp-json\/wp\/v2\/posts\/175563\/revisions"}],"wp:featuredmedia":[{"embeddable":true,"href":"https:\/\/www.radioluna.it\/news\/wp-json\/wp\/v2\/media\/175564"}],"wp:attachment":[{"href":"https:\/\/www.radioluna.it\/news\/wp-json\/wp\/v2\/media?parent=175563"}],"wp:term":[{"taxonomy":"category","embeddable":true,"href":"https:\/\/www.radioluna.it\/news\/wp-json\/wp\/v2\/categories?post=175563"},{"taxonomy":"post_tag","embeddable":true,"href":"https:\/\/www.radioluna.it\/news\/wp-json\/wp\/v2\/tags?post=175563"}],"curies":[{"name":"wp","href":"https:\/\/api.w.org\/{rel}","templated":true}]}}