{"id":175620,"date":"2016-03-18T08:45:38","date_gmt":"2016-03-18T07:45:38","guid":{"rendered":"http:\/\/www.radioluna.it\/news\/?p=175620"},"modified":"2016-03-18T16:19:56","modified_gmt":"2016-03-18T15:19:56","slug":"fondi-fermato-lassassino-di-vincenzo-zuena-ha-34-anni","status":"publish","type":"post","link":"https:\/\/www.radioluna.it\/news\/2016\/03\/fondi-fermato-lassassino-di-vincenzo-zuena-ha-34-anni\/","title":{"rendered":"Omicidio di Fondi, l&#8217;assassino di Vincenzo Zuena \u00e8 arrivato in taxi. In manette il pronipote della vittima"},"content":{"rendered":"<div id=\"fb-root\"><\/div>\n<p style=\"text-align: justify;\"><strong><a href=\"http:\/\/www.radioluna.it\/news\/wp-content\/uploads\/2016\/03\/de-matteis-e-delia.jpg\"><img loading=\"lazy\" decoding=\"async\" class=\"aligncenter size-thumbnail wp-image-175649\" src=\"http:\/\/www.radioluna.it\/news\/wp-content\/uploads\/2016\/03\/de-matteis-e-delia-689x458.jpg\" alt=\"de matteis e d'elia\" width=\"689\" height=\"458\" srcset=\"https:\/\/www.radioluna.it\/news\/wp-content\/uploads\/2016\/03\/de-matteis-e-delia-689x458.jpg 689w, https:\/\/www.radioluna.it\/news\/wp-content\/uploads\/2016\/03\/de-matteis-e-delia-768x511.jpg 768w, https:\/\/www.radioluna.it\/news\/wp-content\/uploads\/2016\/03\/de-matteis-e-delia-500x333.jpg 500w, https:\/\/www.radioluna.it\/news\/wp-content\/uploads\/2016\/03\/de-matteis-e-delia-600x400.jpg 600w, https:\/\/www.radioluna.it\/news\/wp-content\/uploads\/2016\/03\/de-matteis-e-delia-300x200.jpg 300w, https:\/\/www.radioluna.it\/news\/wp-content\/uploads\/2016\/03\/de-matteis-e-delia.jpg 800w\" sizes=\"auto, (max-width: 689px) 100vw, 689px\" \/><\/a>FONDI<\/strong> &#8211; La polizia ha fermato questa mattina a Napoli \u00a0in Piazza Garibaldi vicino la stazione centrale, Antonio Fragione 34 anni originario di Terracina \u00a0accusato di essere l&#8217;assassino di Vincenzo Zuena, il pensionato di 79 anni trovato ucciso con trenta coltellate nella sua casa di Via Madonna Delle Grazie, luned\u00ec 14 marzo. E&#8217; quanto hanno rivelato gli investigatori nel corso di una conferenza stampa che \u00e8 si \u00e8 svolta in Procura a Latina alla presenza del procuratore aggiunto Nunzia D&#8217;Elia e del Questore Giuseppe De Matteis.<\/p>\n<p style=\"text-align: justify;\">L&#8217;arrestato \u00e8 il pronipote della vittima, \u00a0con problemi di tossicodipendenza. Secondo la ricostruzione degli investigatori si \u00e8 fatto accompagnare in taxi a casa di Zuena dopo essere arrivato in treno a Formia e poi, dopo il delitto si \u00e8 fatto riaccompagnare dallo stesso mezzo di servizio nel capoluogo partenopeo. E&#8217; stato il tassista, la cui auto appariva nelle immagini riprese da alcune telecamere della zona, una volta interrogato dalla polizia, ad aver indicato chi aveva portato a casa della vittima all&#8217;ora del delitto. Il cerchio dunque \u00e8 chiuso.<\/p>\n<p style=\"text-align: justify;\">ASCOLTA IL PROCURATORE AGGIUNTO NUNZIA D&#8217;ELIA<\/p>\n<audio class=\"wp-audio-shortcode\" id=\"audio-175620-1\" preload=\"none\" style=\"width: 100%;\" controls=\"controls\"><source type=\"audio\/mpeg\" src=\"http:\/\/www.radioluna.it\/news\/wp-content\/uploads\/2016\/03\/delia-per-sito.mp3?_=1\" \/><a href=\"http:\/\/www.radioluna.it\/news\/wp-content\/uploads\/2016\/03\/delia-per-sito.mp3\">http:\/\/www.radioluna.it\/news\/wp-content\/uploads\/2016\/03\/delia-per-sito.mp3<\/a><\/audio>\n<p style=\"text-align: justify;\">La polizia aveva subito intuito la pista da seguire e ha chiuso l&#8217;inchiesta aiutata dai rilievi della scientifica che ha isolato le tracce lasciate dal parente nella casa. Il fermo \u00e8 stato eseguito questa mattina dagli agenti del commissariato guidati dal dirigente Massimo Mazio. L&#8217;arma del delitto, un coltello, non \u00e8 stata ritrovata.<\/p>\n<div class=\"radio-posizionamento-telefono-in-articoli-dopo-il-contenuto-articolo radio-entity-placement\" id=\"radio-738370075\"><div id=\"radio-545565403\"><a href=\"https:\/\/grupporedi.it\/\" aria-label=\"Redi-Qr\"><img loading=\"lazy\" decoding=\"async\" src=\"https:\/\/www.radioluna.it\/news\/wp-content\/uploads\/2026\/03\/Redi-Qr.jpg\" alt=\"\"  srcset=\"https:\/\/www.radioluna.it\/news\/wp-content\/uploads\/2026\/03\/Redi-Qr.jpg 800w, https:\/\/www.radioluna.it\/news\/wp-content\/uploads\/2026\/03\/Redi-Qr-768x639.jpg 768w\" sizes=\"(max-width: 800px) 100vw, 800px\" width=\"300\" height=\"250\"   \/><\/a><\/div><\/div>","protected":false},"excerpt":{"rendered":"<p>FONDI &#8211; La polizia ha fermato questa mattina a Napoli \u00a0in Piazza Garibaldi vicino la stazione centrale, Antonio Fragione 34 anni originario di Terracina \u00a0accusato di essere l&#8217;assassino di Vincenzo Zuena, il pensionato di 79 anni trovato ucciso con trenta coltellate nella sua casa di Via Madonna Delle Grazie, luned\u00ec 14 marzo. E&#8217; quanto hanno [&hellip;]<\/p>\n","protected":false},"author":62,"featured_media":175650,"comment_status":"open","ping_status":"closed","sticky":false,"template":"","format":"standard","meta":{"footnotes":""},"categories":[2310,7],"tags":[],"class_list":["post-175620","post","type-post","status-publish","format-standard","has-post-thumbnail","hentry","category-audio","category-cronaca"],"_links":{"self":[{"href":"https:\/\/www.radioluna.it\/news\/wp-json\/wp\/v2\/posts\/175620","targetHints":{"allow":["GET"]}}],"collection":[{"href":"https:\/\/www.radioluna.it\/news\/wp-json\/wp\/v2\/posts"}],"about":[{"href":"https:\/\/www.radioluna.it\/news\/wp-json\/wp\/v2\/types\/post"}],"author":[{"embeddable":true,"href":"https:\/\/www.radioluna.it\/news\/wp-json\/wp\/v2\/users\/62"}],"replies":[{"embeddable":true,"href":"https:\/\/www.radioluna.it\/news\/wp-json\/wp\/v2\/comments?post=175620"}],"version-history":[{"count":0,"href":"https:\/\/www.radioluna.it\/news\/wp-json\/wp\/v2\/posts\/175620\/revisions"}],"wp:featuredmedia":[{"embeddable":true,"href":"https:\/\/www.radioluna.it\/news\/wp-json\/wp\/v2\/media\/175650"}],"wp:attachment":[{"href":"https:\/\/www.radioluna.it\/news\/wp-json\/wp\/v2\/media?parent=175620"}],"wp:term":[{"taxonomy":"category","embeddable":true,"href":"https:\/\/www.radioluna.it\/news\/wp-json\/wp\/v2\/categories?post=175620"},{"taxonomy":"post_tag","embeddable":true,"href":"https:\/\/www.radioluna.it\/news\/wp-json\/wp\/v2\/tags?post=175620"}],"curies":[{"name":"wp","href":"https:\/\/api.w.org\/{rel}","templated":true}]}}