{"id":175624,"date":"2016-03-18T09:22:03","date_gmt":"2016-03-18T08:22:03","guid":{"rendered":"http:\/\/www.radioluna.it\/news\/?p=175624"},"modified":"2016-03-18T09:22:59","modified_gmt":"2016-03-18T08:22:59","slug":"studenti-di-latina-a-trento-per-scoprire-quanto-e-bello-vivere-in-una-citta-che-pensa-al-bene-delle-persone","status":"publish","type":"post","link":"https:\/\/www.radioluna.it\/news\/2016\/03\/studenti-di-latina-a-trento-per-scoprire-quanto-e-bello-vivere-in-una-citta-che-pensa-al-bene-delle-persone\/","title":{"rendered":"Studenti di Latina a Trento per scoprire quanto \u00e8 bello vivere in una citt\u00e0 che pensa al bene delle persone"},"content":{"rendered":"<div id=\"fb-root\"><\/div>\n<div id=\"fb-root\"><\/div>\n<p><script>\/\/ <![CDATA[\n(function(d, s, id) { var js, fjs = d.getElementsByTagName(s)[0]; if (d.getElementById(id)) return; js = d.createElement(s); js.id = id; js.src = \"\/\/connect.facebook.net\/it_IT\/sdk.js#xfbml=1&#038;version=v2.3\"; fjs.parentNode.insertBefore(js, fjs);}(document, 'script', 'facebook-jssdk'));\n\/\/ ]]><\/script><\/p>\n<div class=\"fb-post\" data-href=\"https:\/\/www.facebook.com\/nicoletta.zuliani\/posts\/10207684797571038\" data-width=\"500\">\n<div class=\"fb-xfbml-parse-ignore\">\n<blockquote cite=\"https:\/\/www.facebook.com\/nicoletta.zuliani\/posts\/10207684797571038\"><p>Ecco cosa pensano i nostri giovani della citt\u00e0 di Latina, vista da Trento.<\/p>\n<p>Pubblicato da <a href=\"https:\/\/www.facebook.com\/nicoletta.zuliani\">Nicoletta Zuliani<\/a> su\u00a0<a href=\"https:\/\/www.facebook.com\/nicoletta.zuliani\/posts\/10207684797571038\">Gioved\u00ec 17 marzo 2016<\/a><\/p><\/blockquote>\n<\/div>\n<\/div>\n<p style=\"text-align: justify;\"><strong>LATINA<\/strong> &#8211; Condividiamo volentieri il post di Nicoletta Zuliani sui ragazzi universitari di Latina che studiano a Trento. La loro testimonianza \u00e8 utilissima per rendere chiaro che le citt\u00e0 di provincia hanno potenzialit\u00e0 enormi e possono offrire \u00a0&#8211; se ben amministrate \u00a0&#8211; una elevatissima qualit\u00e0 della vita, che poi \u00e8 tutto. Possono essere belle, sostenibili, vivaci. Anche Latina pu\u00f2 esserlo, ma \u00e8 necessario risalire di ben settanta posizioni la classifica del Sole 24 Ore che mette il capoluogo trentino al 3\u00b0 posto contro il 73\u00b0 di quello pontino. Deve essere questo l&#8217;obiettivo. Bisogna quindi coltivare la sensibilit\u00e0 indispensabile a guidare, da cittadini consapevoli, le scelte della classe politica che democraticamente sceglieremo alle prossime amministrative.<\/p>\n<div class=\"radio-posizionamento-telefono-in-articoli-dopo-il-contenuto-articolo radio-entity-placement\" id=\"radio-1432355864\"><div id=\"radio-1771869981\"><a href=\"https:\/\/grupporedi.it\/\" aria-label=\"Redi-Qr\"><img loading=\"lazy\" decoding=\"async\" src=\"https:\/\/www.radioluna.it\/news\/wp-content\/uploads\/2026\/03\/Redi-Qr.jpg\" alt=\"\"  srcset=\"https:\/\/www.radioluna.it\/news\/wp-content\/uploads\/2026\/03\/Redi-Qr.jpg 800w, https:\/\/www.radioluna.it\/news\/wp-content\/uploads\/2026\/03\/Redi-Qr-768x639.jpg 768w\" sizes=\"(max-width: 800px) 100vw, 800px\" width=\"300\" height=\"250\"   \/><\/a><\/div><\/div>","protected":false},"excerpt":{"rendered":"<p>Ecco cosa pensano i nostri giovani della citt\u00e0 di Latina, vista da Trento. Pubblicato da Nicoletta Zuliani su\u00a0Gioved\u00ec 17 marzo 2016 LATINA &#8211; Condividiamo volentieri il post di Nicoletta Zuliani sui ragazzi universitari di Latina che studiano a Trento. La loro testimonianza \u00e8 utilissima per rendere chiaro che le citt\u00e0 di provincia hanno potenzialit\u00e0 enormi [&hellip;]<\/p>\n","protected":false},"author":62,"featured_media":175625,"comment_status":"open","ping_status":"closed","sticky":false,"template":"","format":"standard","meta":{"footnotes":""},"categories":[7,2312],"tags":[],"class_list":["post-175624","post","type-post","status-publish","format-standard","has-post-thumbnail","hentry","category-cronaca","category-video"],"_links":{"self":[{"href":"https:\/\/www.radioluna.it\/news\/wp-json\/wp\/v2\/posts\/175624","targetHints":{"allow":["GET"]}}],"collection":[{"href":"https:\/\/www.radioluna.it\/news\/wp-json\/wp\/v2\/posts"}],"about":[{"href":"https:\/\/www.radioluna.it\/news\/wp-json\/wp\/v2\/types\/post"}],"author":[{"embeddable":true,"href":"https:\/\/www.radioluna.it\/news\/wp-json\/wp\/v2\/users\/62"}],"replies":[{"embeddable":true,"href":"https:\/\/www.radioluna.it\/news\/wp-json\/wp\/v2\/comments?post=175624"}],"version-history":[{"count":0,"href":"https:\/\/www.radioluna.it\/news\/wp-json\/wp\/v2\/posts\/175624\/revisions"}],"wp:featuredmedia":[{"embeddable":true,"href":"https:\/\/www.radioluna.it\/news\/wp-json\/wp\/v2\/media\/175625"}],"wp:attachment":[{"href":"https:\/\/www.radioluna.it\/news\/wp-json\/wp\/v2\/media?parent=175624"}],"wp:term":[{"taxonomy":"category","embeddable":true,"href":"https:\/\/www.radioluna.it\/news\/wp-json\/wp\/v2\/categories?post=175624"},{"taxonomy":"post_tag","embeddable":true,"href":"https:\/\/www.radioluna.it\/news\/wp-json\/wp\/v2\/tags?post=175624"}],"curies":[{"name":"wp","href":"https:\/\/api.w.org\/{rel}","templated":true}]}}