{"id":175699,"date":"2016-03-20T16:28:38","date_gmt":"2016-03-20T15:28:38","guid":{"rendered":"http:\/\/www.radioluna.it\/news\/?p=175699"},"modified":"2016-03-20T16:30:58","modified_gmt":"2016-03-20T15:30:58","slug":"stasera-la-veglia-di-libera-in-cattedrale-lunedi-la-marcia-della-legalita","status":"publish","type":"post","link":"https:\/\/www.radioluna.it\/news\/2016\/03\/stasera-la-veglia-di-libera-in-cattedrale-lunedi-la-marcia-della-legalita\/","title":{"rendered":"Stasera la Veglia di Libera in Cattedrale, luned\u00ec la Marcia della Legalit\u00e0"},"content":{"rendered":"<div id=\"fb-root\"><\/div>\n<p style=\"text-align: justify;\"><strong><a href=\"http:\/\/www.radioluna.it\/news\/wp-content\/uploads\/2015\/04\/san-marco-vetrate-cattedrale.jpg\"><img loading=\"lazy\" decoding=\"async\" class=\"aligncenter size-thumbnail wp-image-162861\" src=\"http:\/\/www.radioluna.it\/news\/wp-content\/uploads\/2015\/04\/san-marco-vetrate-cattedrale-635x1129.jpg\" alt=\"san marco vetrate cattedrale\" width=\"635\" height=\"1129\" srcset=\"https:\/\/www.radioluna.it\/news\/wp-content\/uploads\/2015\/04\/san-marco-vetrate-cattedrale-635x1129.jpg 635w, https:\/\/www.radioluna.it\/news\/wp-content\/uploads\/2015\/04\/san-marco-vetrate-cattedrale-768x1365.jpg 768w, https:\/\/www.radioluna.it\/news\/wp-content\/uploads\/2015\/04\/san-marco-vetrate-cattedrale-500x889.jpg 500w, https:\/\/www.radioluna.it\/news\/wp-content\/uploads\/2015\/04\/san-marco-vetrate-cattedrale-169x300.jpg 169w, https:\/\/www.radioluna.it\/news\/wp-content\/uploads\/2015\/04\/san-marco-vetrate-cattedrale-576x1024.jpg 576w, https:\/\/www.radioluna.it\/news\/wp-content\/uploads\/2015\/04\/san-marco-vetrate-cattedrale-800x1422.jpg 800w, https:\/\/www.radioluna.it\/news\/wp-content\/uploads\/2015\/04\/san-marco-vetrate-cattedrale.jpg 900w\" sizes=\"auto, (max-width: 635px) 100vw, 635px\" \/><\/a>LATINA<\/strong> &#8211;\u00a0Come ogni anno, il giorno precedente la Marcia della Legalit\u00e0, si tiene una veglia in ricordo delle vittime di tutte le mafie. L&#8217;appuntamento \u00e8 per stasera (domenica 20 marzo) alle 21 nella Cattedrale di San Marco a Latina dove saranno letti i nomi delle vittime di mafia. &#8220;Un&#8217;occasione importante di testimonianza e di ricordo poich\u00e9 la memoria \u00e8 un valore universale che abbraccia ogni comunit\u00e0, sia religiosa che civile, ed \u00e8 un dovere di tutti quanti&#8221;, sottolinea Marco Fino del direttivo regionale di Libera.\u00a0Sono invitati a partecipare tutti \u00a0i cittadini.<\/p>\n<p style=\"text-align: justify;\">Poi, domani, primo giorno di primavera, alle 9 con partenza da Piazza del Popolo a Latina (e in contemporanea in altre 100 citt\u00e0 italiane) si muover\u00e0 <a href=\"http:\/\/www.radioluna.it\/news\/2016\/03\/latina-ecco-il-nostro-21-marzo\/\">la marcia dal titolo Ponti di Memoria Luoghi di impegno.<\/a><\/p>\n","protected":false},"excerpt":{"rendered":"<p>LATINA &#8211;\u00a0Come ogni anno, il giorno precedente la Marcia della Legalit\u00e0, si tiene una veglia in ricordo delle vittime di tutte le mafie. L&#8217;appuntamento \u00e8 per stasera (domenica 20 marzo) alle 21 nella Cattedrale di San Marco a Latina dove saranno letti i nomi delle vittime di mafia. &#8220;Un&#8217;occasione importante di testimonianza e di ricordo [&hellip;]<\/p>\n","protected":false},"author":62,"featured_media":162861,"comment_status":"open","ping_status":"closed","sticky":false,"template":"","format":"standard","meta":{"footnotes":""},"categories":[16],"tags":[],"class_list":["post-175699","post","type-post","status-publish","format-standard","has-post-thumbnail","hentry","category-appuntamenti"],"_links":{"self":[{"href":"https:\/\/www.radioluna.it\/news\/wp-json\/wp\/v2\/posts\/175699","targetHints":{"allow":["GET"]}}],"collection":[{"href":"https:\/\/www.radioluna.it\/news\/wp-json\/wp\/v2\/posts"}],"about":[{"href":"https:\/\/www.radioluna.it\/news\/wp-json\/wp\/v2\/types\/post"}],"author":[{"embeddable":true,"href":"https:\/\/www.radioluna.it\/news\/wp-json\/wp\/v2\/users\/62"}],"replies":[{"embeddable":true,"href":"https:\/\/www.radioluna.it\/news\/wp-json\/wp\/v2\/comments?post=175699"}],"version-history":[{"count":0,"href":"https:\/\/www.radioluna.it\/news\/wp-json\/wp\/v2\/posts\/175699\/revisions"}],"wp:featuredmedia":[{"embeddable":true,"href":"https:\/\/www.radioluna.it\/news\/wp-json\/wp\/v2\/media\/162861"}],"wp:attachment":[{"href":"https:\/\/www.radioluna.it\/news\/wp-json\/wp\/v2\/media?parent=175699"}],"wp:term":[{"taxonomy":"category","embeddable":true,"href":"https:\/\/www.radioluna.it\/news\/wp-json\/wp\/v2\/categories?post=175699"},{"taxonomy":"post_tag","embeddable":true,"href":"https:\/\/www.radioluna.it\/news\/wp-json\/wp\/v2\/tags?post=175699"}],"curies":[{"name":"wp","href":"https:\/\/api.w.org\/{rel}","templated":true}]}}