{"id":175720,"date":"2016-03-21T09:01:19","date_gmt":"2016-03-21T08:01:19","guid":{"rendered":"http:\/\/www.radioluna.it\/news\/?p=175720"},"modified":"2016-03-21T09:01:19","modified_gmt":"2016-03-21T08:01:19","slug":"pd-latina-il-centrodestra-conserva-forza-attrattiva-noi-risposte-abbiamo-concrete","status":"publish","type":"post","link":"https:\/\/www.radioluna.it\/news\/2016\/03\/pd-latina-il-centrodestra-conserva-forza-attrattiva-noi-risposte-abbiamo-concrete\/","title":{"rendered":"Pd Latina: &#8220;Il centrodestra conserva forza attrattiva, noi risposte abbiamo concrete&#8221;"},"content":{"rendered":"<div id=\"fb-root\"><\/div>\n<p style=\"text-align: justify;\"><strong><a href=\"http:\/\/www.radioluna.it\/news\/wp-content\/uploads\/2015\/11\/enrico-forte-conferenza.jpg\"><img loading=\"lazy\" decoding=\"async\" class=\"aligncenter size-thumbnail wp-image-171115\" src=\"http:\/\/www.radioluna.it\/news\/wp-content\/uploads\/2015\/11\/enrico-forte-conferenza-635x422.jpg\" alt=\"enrico forte conferenza\" width=\"635\" height=\"422\" srcset=\"https:\/\/www.radioluna.it\/news\/wp-content\/uploads\/2015\/11\/enrico-forte-conferenza-635x422.jpg 635w, https:\/\/www.radioluna.it\/news\/wp-content\/uploads\/2015\/11\/enrico-forte-conferenza-768x511.jpg 768w, https:\/\/www.radioluna.it\/news\/wp-content\/uploads\/2015\/11\/enrico-forte-conferenza-500x333.jpg 500w, https:\/\/www.radioluna.it\/news\/wp-content\/uploads\/2015\/11\/enrico-forte-conferenza-600x400.jpg 600w, https:\/\/www.radioluna.it\/news\/wp-content\/uploads\/2015\/11\/enrico-forte-conferenza-300x200.jpg 300w, https:\/\/www.radioluna.it\/news\/wp-content\/uploads\/2015\/11\/enrico-forte-conferenza.jpg 800w\" sizes=\"auto, (max-width: 635px) 100vw, 635px\" \/><\/a>LATINA<\/strong> &#8211;\u00a0La citt\u00e0 di Latina ha ampie potenzialit\u00e0 di sviluppo: per trasformare le potenzialit\u00e0 in atti concreti \u00e8 necessario mettere al servizio della comunit\u00e0 competenze, esperienza e capacit\u00e0 amministrative. Questo \u00e8 l\u2019obiettivo che si \u00e8 dato il Partito Democratico, nell\u2019ottica di assumere la responsabilit\u00e0 di guidare Latina verso una nuova primavera, che si lasci alle spalle il buio degli ultimi anni. Siamo consapevoli che il centrodestra conserva una sua forza attrattiva nei confronti dell\u2019elettorato, ed \u00e8 necessario interloquire costantemente con tutta la cittadinanza al fine di comprendere le esigenze di un territorio in continuo divenire, cos\u00ec da fornire risposte concrete e proposte efficaci per rendere evidente la forza dell\u2019alternativa offerta dal Partito Democratico rispetto a coloro che hanno tenuto le fila di due amministrazioni sfiduciate consecutivamente. I personaggi messi in campo dal centrodestra sono gli stessi che hanno avuto ruoli di primo piano nel malgoverno degli ultimi anni, di cui rappresenterebbero l\u2019inevitabile continuit\u00e0.<\/p>\n<p style=\"text-align: justify;\">Il PD guarda a una citt\u00e0 nuova, che utilizzi le sue grandi possibilit\u00e0 per offrire ai giovani opportunit\u00e0 di lavoro, per rappresentare un polo di attrazione per gli investimenti, per garantire una migliore qualit\u00e0 della vita ai residenti. Tutto questo si tradurr\u00e0 nel contributo programmatico che il Partito Democratico fornir\u00e0 al candidato sindaco Enrico Forte. Un programma che prende le mosse dal lavoro svolto in occasione dell\u2019iniziativa Latina Protagonista del 13 giugno 2015, quando centinaia di cittadini \u2013 all\u2019indomani della sfiducia all\u2019amministrazione Di Giorgi \u2013 hanno partecipato ai tavoli organizzati dal PD per raccogliere proposte e idee sullo sviluppo del territorio. In occasione delle Primarie di novembre sono state redatte le linee programmatiche sottoscritte dagli aspiranti sindaci, e quel lavoro sta proseguendo per arrivare a un documento in grado di interpretare le diverse sfaccettature e articolazioni della citt\u00e0.<\/p>\n<p>Un lavoro sul programma lungo un anno, organizzato e strutturato al fine di comporre non un libro dei sogni ma un insieme di progetti concreti e proposte realizzabili, razionalizzando le risorse a disposizione e tenendo presente il fattore tempo. Latina ha infatti bisogno di interventi immediati per rispondere alle esigenze della quotidianit\u00e0, ma anche di una pianificazione a medio-lungo termine per impostare i principali assi di sviluppo e garantire occasioni concrete alle nuove generazioni.<\/p>\n<p style=\"text-align: justify;\">Per tradurre tutto ci\u00f2 in fatti, \u00e8 inoltre necessario mettere a disposizione della cittadinanza le forze migliori: la lista del PD sar\u00e0 in gran parte composta da volti nuovi, donne, professionisti, esponenti del mondo associativo e del lavoro, che insieme ad alcuni consiglieri uscenti consentiranno di offrire un mix eterogeneo di elevato spessore, nell\u2019ottica di rafforzare le proposte di governo del territorio. Un territorio complesso, che merita profonda attenzione: la citt\u00e0 e i borghi dovranno sentirsi un unico insediamento, accorciando le distanze tra i quartieri, le periferie, in particolare in termini di opportunit\u00e0, servizi, mobilit\u00e0. Un impegno chiaro in tal senso \u00e8 stato assunto dal Partito Democratico in maniera aperta e trasparente da diversi mesi: questo \u00e8 il percorso tramite il quale vogliamo contribuire a costruire il futuro di Latina.<\/p>\n","protected":false},"excerpt":{"rendered":"<p>LATINA &#8211;\u00a0La citt\u00e0 di Latina ha ampie potenzialit\u00e0 di sviluppo: per trasformare le potenzialit\u00e0 in atti concreti \u00e8 necessario mettere al servizio della comunit\u00e0 competenze, esperienza e capacit\u00e0 amministrative. Questo \u00e8 l\u2019obiettivo che si \u00e8 dato il Partito Democratico, nell\u2019ottica di assumere la responsabilit\u00e0 di guidare Latina verso una nuova primavera, che si lasci alle [&hellip;]<\/p>\n","protected":false},"author":60,"featured_media":171115,"comment_status":"open","ping_status":"closed","sticky":false,"template":"","format":"standard","meta":{"footnotes":""},"categories":[8],"tags":[],"class_list":["post-175720","post","type-post","status-publish","format-standard","has-post-thumbnail","hentry","category-politica"],"_links":{"self":[{"href":"https:\/\/www.radioluna.it\/news\/wp-json\/wp\/v2\/posts\/175720","targetHints":{"allow":["GET"]}}],"collection":[{"href":"https:\/\/www.radioluna.it\/news\/wp-json\/wp\/v2\/posts"}],"about":[{"href":"https:\/\/www.radioluna.it\/news\/wp-json\/wp\/v2\/types\/post"}],"author":[{"embeddable":true,"href":"https:\/\/www.radioluna.it\/news\/wp-json\/wp\/v2\/users\/60"}],"replies":[{"embeddable":true,"href":"https:\/\/www.radioluna.it\/news\/wp-json\/wp\/v2\/comments?post=175720"}],"version-history":[{"count":0,"href":"https:\/\/www.radioluna.it\/news\/wp-json\/wp\/v2\/posts\/175720\/revisions"}],"wp:featuredmedia":[{"embeddable":true,"href":"https:\/\/www.radioluna.it\/news\/wp-json\/wp\/v2\/media\/171115"}],"wp:attachment":[{"href":"https:\/\/www.radioluna.it\/news\/wp-json\/wp\/v2\/media?parent=175720"}],"wp:term":[{"taxonomy":"category","embeddable":true,"href":"https:\/\/www.radioluna.it\/news\/wp-json\/wp\/v2\/categories?post=175720"},{"taxonomy":"post_tag","embeddable":true,"href":"https:\/\/www.radioluna.it\/news\/wp-json\/wp\/v2\/tags?post=175720"}],"curies":[{"name":"wp","href":"https:\/\/api.w.org\/{rel}","templated":true}]}}