{"id":175747,"date":"2016-03-21T15:24:10","date_gmt":"2016-03-21T14:24:10","guid":{"rendered":"http:\/\/www.radioluna.it\/news\/?p=175747"},"modified":"2016-03-22T06:38:28","modified_gmt":"2016-03-22T05:38:28","slug":"latina-la-notte-carrefour-lancia-il-contest-fotografico","status":"publish","type":"post","link":"https:\/\/www.radioluna.it\/news\/2016\/03\/latina-la-notte-carrefour-lancia-il-contest-fotografico\/","title":{"rendered":"Latina La Notte! Carrefour lancia il contest fotografico"},"content":{"rendered":"<div id=\"fb-root\"><\/div>\n<p style=\"text-align: justify;\"><strong><a href=\"http:\/\/www.radioluna.it\/news\/wp-content\/uploads\/2016\/03\/latina-la-notte.jpg\"><img loading=\"lazy\" decoding=\"async\" class=\"aligncenter size-thumbnail wp-image-175748\" src=\"http:\/\/www.radioluna.it\/news\/wp-content\/uploads\/2016\/03\/latina-la-notte-689x360.jpg\" alt=\"latina la notte\" width=\"689\" height=\"360\" srcset=\"https:\/\/www.radioluna.it\/news\/wp-content\/uploads\/2016\/03\/latina-la-notte-689x360.jpg 689w, https:\/\/www.radioluna.it\/news\/wp-content\/uploads\/2016\/03\/latina-la-notte-768x401.jpg 768w, https:\/\/www.radioluna.it\/news\/wp-content\/uploads\/2016\/03\/latina-la-notte-500x261.jpg 500w, https:\/\/www.radioluna.it\/news\/wp-content\/uploads\/2016\/03\/latina-la-notte-1000x523.jpg 1000w, https:\/\/www.radioluna.it\/news\/wp-content\/uploads\/2016\/03\/latina-la-notte-300x157.jpg 300w, https:\/\/www.radioluna.it\/news\/wp-content\/uploads\/2016\/03\/latina-la-notte-800x418.jpg 800w, https:\/\/www.radioluna.it\/news\/wp-content\/uploads\/2016\/03\/latina-la-notte.jpg 1001w\" sizes=\"auto, (max-width: 689px) 100vw, 689px\" \/><\/a>LATINA<\/strong> &#8211;\u00a0Latina La notte! \u00e8 il tema di un concorso fotografico lanciato da Carrefour Latina e diretto a tutti gli appassionati di social. Da oggi e fino alla mezzanotte di domenica prossima 27 marzo, chi penser\u00e0 di aver immortalato uno scorcio del capoluogo pontino che vale la pena di condividere su Facebook, Instagram o Twitter potr\u00e0 farlo utilizzando l&#8217;hastag #carrefourlatina o il check-in Carrefour Latina, e partecipare cos\u00ec alla gara. I due fotografi pi\u00f9 votati vinceranno ognuno una cena per quattro persone.<\/p>\n<p style=\"text-align: justify;\">\u201cSi accetta una sola foto per partecipante e la prima pubblicata con l&#8217;hastag o il Ceck-in Carrefour &#8211; spiegano gli organizzatori \u2013. La foto pu\u00f2 riguardare un luogo privato o pubblico, ovviamente anche il Carrefour del Piccarello, purch\u00e9 sia notturna\u201d.<\/p>\n<p style=\"text-align: justify;\">Saranno i likes da una parte, e dall&#8217;altra un esperto instagramer di Latina, a scegliere le pi\u00f9 belle. Terminata la settimana di contest, infatti, tutte le fotografie saranno raccolte e pubblicate in un album sulla pagina facebook di Carrefour Latina (facebook.com\/carrefourlatina) . Poi, dal 1 aprile comincer\u00e0 la votazione: le foto regine, saranno due, quella che entro le ore 18 del 6 aprile avr\u00e0 totalizzato pi\u00f9 \u201cmi piace\u201d, e quella scelta da Francesco Montefusco, fondatore Instagramers Latina (Igerslatina) e componente Consiglio Direttivo Instagramers Italia, in pratica uno dei guru dei mobile photographer pontini.<\/p>\n<p style=\"text-align: justify;\">I due premi saranno consegnati immediatamente dopo lo scadere delle votazioni, in occasione di un aperi-party che si terr\u00e0 mercoledi 6 aprile a partire dalle 18 presso il Carrefour Latina al Piccarello, evento aperto a tutti i partecipanti al contest fotografico.<\/p>\n<p>Per ulteriori informazioni si pu\u00f2 chiamare il numero 0773.240389 (Carrefour Latina) o visitare https:\/\/www.facebook.com\/ carrefourlatina<\/p>\n<div class=\"radio-posizionamento-telefono-in-articoli-dopo-il-contenuto-articolo radio-entity-placement\" id=\"radio-951070889\"><div id=\"radio-1334650408\"><a href=\"https:\/\/www.simeoneceramiche.com\/\" aria-label=\"SIMEONE CERAMICHE GIF animata per radioluna_Tavola disegno 1 copia 2 (online-video-cutter.com)\"><img loading=\"lazy\" decoding=\"async\" src=\"https:\/\/www.radioluna.it\/news\/wp-content\/uploads\/2025\/05\/SIMEONE-CERAMICHE-GIF-animata-per-radioluna_Tavola-disegno-1-copia-2-online-video-cutter.com_.gif\" alt=\"\"  width=\"300\" height=\"250\"   \/><\/a><\/div><\/div>","protected":false},"excerpt":{"rendered":"<p>LATINA &#8211;\u00a0Latina La notte! \u00e8 il tema di un concorso fotografico lanciato da Carrefour Latina e diretto a tutti gli appassionati di social. Da oggi e fino alla mezzanotte di domenica prossima 27 marzo, chi penser\u00e0 di aver immortalato uno scorcio del capoluogo pontino che vale la pena di condividere su Facebook, Instagram o Twitter [&hellip;]<\/p>\n","protected":false},"author":60,"featured_media":175748,"comment_status":"open","ping_status":"closed","sticky":false,"template":"","format":"standard","meta":{"footnotes":""},"categories":[735],"tags":[],"class_list":["post-175747","post","type-post","status-publish","format-standard","has-post-thumbnail","hentry","category-attualita"],"_links":{"self":[{"href":"https:\/\/www.radioluna.it\/news\/wp-json\/wp\/v2\/posts\/175747","targetHints":{"allow":["GET"]}}],"collection":[{"href":"https:\/\/www.radioluna.it\/news\/wp-json\/wp\/v2\/posts"}],"about":[{"href":"https:\/\/www.radioluna.it\/news\/wp-json\/wp\/v2\/types\/post"}],"author":[{"embeddable":true,"href":"https:\/\/www.radioluna.it\/news\/wp-json\/wp\/v2\/users\/60"}],"replies":[{"embeddable":true,"href":"https:\/\/www.radioluna.it\/news\/wp-json\/wp\/v2\/comments?post=175747"}],"version-history":[{"count":0,"href":"https:\/\/www.radioluna.it\/news\/wp-json\/wp\/v2\/posts\/175747\/revisions"}],"wp:featuredmedia":[{"embeddable":true,"href":"https:\/\/www.radioluna.it\/news\/wp-json\/wp\/v2\/media\/175748"}],"wp:attachment":[{"href":"https:\/\/www.radioluna.it\/news\/wp-json\/wp\/v2\/media?parent=175747"}],"wp:term":[{"taxonomy":"category","embeddable":true,"href":"https:\/\/www.radioluna.it\/news\/wp-json\/wp\/v2\/categories?post=175747"},{"taxonomy":"post_tag","embeddable":true,"href":"https:\/\/www.radioluna.it\/news\/wp-json\/wp\/v2\/tags?post=175747"}],"curies":[{"name":"wp","href":"https:\/\/api.w.org\/{rel}","templated":true}]}}