{"id":175766,"date":"2016-03-22T08:37:18","date_gmt":"2016-03-22T07:37:18","guid":{"rendered":"http:\/\/www.radioluna.it\/news\/?p=175766"},"modified":"2016-03-22T08:37:18","modified_gmt":"2016-03-22T07:37:18","slug":"corruzione-riciclaggio-e-mafia-prevenzione-e-repressione-nel-nostro-ordinamento-giuridico","status":"publish","type":"post","link":"https:\/\/www.radioluna.it\/news\/2016\/03\/corruzione-riciclaggio-e-mafia-prevenzione-e-repressione-nel-nostro-ordinamento-giuridico\/","title":{"rendered":"Corruzione, riciclaggio e mafia: prevenzione e repressione nel nostro ordinamento giuridico"},"content":{"rendered":"<div id=\"fb-root\"><\/div>\n<p style=\"text-align: justify;\"><b><a href=\"http:\/\/www.radioluna.it\/news\/wp-content\/uploads\/2016\/03\/Immagine.jpg\"><img loading=\"lazy\" decoding=\"async\" class=\"aligncenter size-thumbnail wp-image-175767\" src=\"http:\/\/www.radioluna.it\/news\/wp-content\/uploads\/2016\/03\/Immagine-689x268.jpg\" alt=\"Immagine\" width=\"689\" height=\"268\" srcset=\"https:\/\/www.radioluna.it\/news\/wp-content\/uploads\/2016\/03\/Immagine-689x268.jpg 689w, https:\/\/www.radioluna.it\/news\/wp-content\/uploads\/2016\/03\/Immagine-768x298.jpg 768w, https:\/\/www.radioluna.it\/news\/wp-content\/uploads\/2016\/03\/Immagine-500x194.jpg 500w, https:\/\/www.radioluna.it\/news\/wp-content\/uploads\/2016\/03\/Immagine-300x117.jpg 300w, https:\/\/www.radioluna.it\/news\/wp-content\/uploads\/2016\/03\/Immagine-1024x398.jpg 1024w, https:\/\/www.radioluna.it\/news\/wp-content\/uploads\/2016\/03\/Immagine-800x311.jpg 800w, https:\/\/www.radioluna.it\/news\/wp-content\/uploads\/2016\/03\/Immagine.jpg 1000w\" sizes=\"auto, (max-width: 689px) 100vw, 689px\" \/><\/a>ROMA<\/b>&#8211;\u00a0Corruzione, riciclaggio e mafia: le tre facce con cui la criminalit\u00e0 organizzata si \u00e8 insinuata in ogni piega della nostra societ\u00e0. Un fenomeno \u201dliquido\u201d, pervasivo, perfettamente globalizzato, dalle dimensioni economiche sempre pi\u00f9 imponenti, con una capacit\u00e0 camaleontica di adattarsi alle situazioni e cogliere i cambiamenti in atto. Se ne parla oggi alle 10 a Roma nella sede di Unioncamere in Piazza Sallustio 21, in occasione della presentazione del libro a cura di Ranieri Razzante &#8220;Corruzione, Riciclaggio e Mafia: la prevenzione e la repressione nel nostro ordinamento giuridico\u201d<\/p>\n<p style=\"text-align: justify;\">Ne discutono con il curatore del libro, \u00a0Filippo Bubbico,Vice Ministro dell\u2019Interno; Raffaele Cantone, Presidente ANAC; Giancarlo Capaldo, Capo Pool Antiterrorismo della Procura di Roma; Claudio Clemente, Direttore UIF; Santi Consolo, Direttore DAP; Stefano Dambruoso, Questore Camera Deputati; Bruno DOMINICI, Capo Ufficio Addestramento DIA; Liana ESPOSITO, Sostituto Procuratore della Repubblica presso DDA di Napoli; Gian Maria FARA,Presidente EURISPES; Cosimo FERRI, Sottosegretario alla Giustizia; Santi GIUFFR\u00c8, Commissario Governativo Antiracket e Antiusura; Ivan LO BELLO, Presidente Unioncamere; Francesco MANDOI,Sostituto Procuratore Nazionale Antimafia e Antiterrorismo; Lorenzo SABATINO, Comandante II Reparto Investigativo ROS; Giovanni TARTAGLIA POLCINI, Magistrato.<\/p>\n<p>Modera: Marco LUDOVICO &#8211; Caposervizio Sole24ore<\/p>\n","protected":false},"excerpt":{"rendered":"<p>ROMA&#8211;\u00a0Corruzione, riciclaggio e mafia: le tre facce con cui la criminalit\u00e0 organizzata si \u00e8 insinuata in ogni piega della nostra societ\u00e0. Un fenomeno \u201dliquido\u201d, pervasivo, perfettamente globalizzato, dalle dimensioni economiche sempre pi\u00f9 imponenti, con una capacit\u00e0 camaleontica di adattarsi alle situazioni e cogliere i cambiamenti in atto. Se ne parla oggi alle 10 a Roma [&hellip;]<\/p>\n","protected":false},"author":62,"featured_media":175767,"comment_status":"open","ping_status":"closed","sticky":false,"template":"","format":"standard","meta":{"footnotes":""},"categories":[16],"tags":[],"class_list":["post-175766","post","type-post","status-publish","format-standard","has-post-thumbnail","hentry","category-appuntamenti"],"_links":{"self":[{"href":"https:\/\/www.radioluna.it\/news\/wp-json\/wp\/v2\/posts\/175766","targetHints":{"allow":["GET"]}}],"collection":[{"href":"https:\/\/www.radioluna.it\/news\/wp-json\/wp\/v2\/posts"}],"about":[{"href":"https:\/\/www.radioluna.it\/news\/wp-json\/wp\/v2\/types\/post"}],"author":[{"embeddable":true,"href":"https:\/\/www.radioluna.it\/news\/wp-json\/wp\/v2\/users\/62"}],"replies":[{"embeddable":true,"href":"https:\/\/www.radioluna.it\/news\/wp-json\/wp\/v2\/comments?post=175766"}],"version-history":[{"count":0,"href":"https:\/\/www.radioluna.it\/news\/wp-json\/wp\/v2\/posts\/175766\/revisions"}],"wp:featuredmedia":[{"embeddable":true,"href":"https:\/\/www.radioluna.it\/news\/wp-json\/wp\/v2\/media\/175767"}],"wp:attachment":[{"href":"https:\/\/www.radioluna.it\/news\/wp-json\/wp\/v2\/media?parent=175766"}],"wp:term":[{"taxonomy":"category","embeddable":true,"href":"https:\/\/www.radioluna.it\/news\/wp-json\/wp\/v2\/categories?post=175766"},{"taxonomy":"post_tag","embeddable":true,"href":"https:\/\/www.radioluna.it\/news\/wp-json\/wp\/v2\/tags?post=175766"}],"curies":[{"name":"wp","href":"https:\/\/api.w.org\/{rel}","templated":true}]}}