{"id":175777,"date":"2016-03-22T13:15:35","date_gmt":"2016-03-22T12:15:35","guid":{"rendered":"http:\/\/www.radioluna.it\/news\/?p=175777"},"modified":"2016-03-22T13:15:35","modified_gmt":"2016-03-22T12:15:35","slug":"enrico-forte-inaugura-lopen-point-in-corso-della-repubblica","status":"publish","type":"post","link":"https:\/\/www.radioluna.it\/news\/2016\/03\/enrico-forte-inaugura-lopen-point-in-corso-della-repubblica\/","title":{"rendered":"Enrico Forte inaugura l&#8217;Open Point in Corso della Repubblica"},"content":{"rendered":"<div id=\"fb-root\"><\/div>\n<div id=\"attachment_175778\" style=\"width: 699px\" class=\"wp-caption aligncenter\"><a href=\"http:\/\/www.radioluna.it\/news\/wp-content\/uploads\/2016\/03\/enrico-forte.jpg\"><img loading=\"lazy\" decoding=\"async\" aria-describedby=\"caption-attachment-175778\" class=\"size-thumbnail wp-image-175778\" src=\"http:\/\/www.radioluna.it\/news\/wp-content\/uploads\/2016\/03\/enrico-forte-689x517.jpg\" alt=\"Enrico Forte candidato sindaco del Pd a Latina\" width=\"689\" height=\"517\" srcset=\"https:\/\/www.radioluna.it\/news\/wp-content\/uploads\/2016\/03\/enrico-forte-689x517.jpg 689w, https:\/\/www.radioluna.it\/news\/wp-content\/uploads\/2016\/03\/enrico-forte-768x576.jpg 768w, https:\/\/www.radioluna.it\/news\/wp-content\/uploads\/2016\/03\/enrico-forte-500x375.jpg 500w, https:\/\/www.radioluna.it\/news\/wp-content\/uploads\/2016\/03\/enrico-forte-300x225.jpg 300w, https:\/\/www.radioluna.it\/news\/wp-content\/uploads\/2016\/03\/enrico-forte-800x600.jpg 800w, https:\/\/www.radioluna.it\/news\/wp-content\/uploads\/2016\/03\/enrico-forte.jpg 960w\" sizes=\"auto, (max-width: 689px) 100vw, 689px\" \/><\/a><p id=\"caption-attachment-175778\" class=\"wp-caption-text\">Enrico Forte candidato sindaco del Pd a Latina<\/p><\/div>\n<p style=\"text-align: justify;\"><strong>LATINA<\/strong> &#8211;\u00a0Sar\u00e0 inaugurato domani, 23 marzo, alle 18.30 l\u2019Open Point\u00a0del candidato sindaco del Partito Democratico\u00a0Enrico Forte. Uno spazio aperto in Corso della Repubblica 88, di fronte alla facolt\u00e0 di Medicina, che ospiter\u00e0 il Comitato elettorale e \u00a0sar\u00e0 un &#8220;punto di riferimento per i cittadini che vogliono conoscere il programma, incontrare i candidati che lo sosterranno nella sua corsa a primo cittadino, vivere da vicino la campagna elettorale&#8221;. Lo annuncia in una nota lo stesso candidato sindaco del Pd. Il Point sar\u00e0 anche uno spazio aperto a tutti, con area dedicata ai bambini e allo svago; ben presto diventer\u00e0 un coworking \u00a0munito di wi-fi a disposizione di quanti vorranno farne uso.<br \/>\nAll\u2019interno verranno ospitati incontri, eventi, appuntamenti,\u00a0 immaginato anche per raccogliere le idee e le istanze della citt\u00e0 e di coloro che abbiano voglia di offrire il proprio contributo alla campagna elettorale di Enrico Forte.<\/p>\n<p style=\"text-align: justify;\">Oggi, \u00e8 invece partita anche la campagna di affissioni con i maxi \u00ab6&#215;3\u00bb collocati nei punti pi\u00f9 importanti della citt\u00e0 e i manifesti in tutti i borghi di Latina. \u00abAffissioni rigorosamente legali e pulite &#8211; assicura Forte \u2013 pcrch\u00e9 come ho gi\u00e0 detto ai miei sostenitori, se trover\u00f2 un manifesto fuori posto andr\u00f2 a rimuoverlo io stesso. Non vogliamo imbrattare la nostra citt\u00e0 in nessun modo. Questo \u00e8 il nostro stile: la politica deve dare per prima l\u2019esempio\u00bb.<\/p>\n","protected":false},"excerpt":{"rendered":"<p>LATINA &#8211;\u00a0Sar\u00e0 inaugurato domani, 23 marzo, alle 18.30 l\u2019Open Point\u00a0del candidato sindaco del Partito Democratico\u00a0Enrico Forte. Uno spazio aperto in Corso della Repubblica 88, di fronte alla facolt\u00e0 di Medicina, che ospiter\u00e0 il Comitato elettorale e \u00a0sar\u00e0 un &#8220;punto di riferimento per i cittadini che vogliono conoscere il programma, incontrare i candidati che lo sosterranno [&hellip;]<\/p>\n","protected":false},"author":62,"featured_media":175778,"comment_status":"open","ping_status":"closed","sticky":false,"template":"","format":"standard","meta":{"footnotes":""},"categories":[8],"tags":[],"class_list":["post-175777","post","type-post","status-publish","format-standard","has-post-thumbnail","hentry","category-politica"],"_links":{"self":[{"href":"https:\/\/www.radioluna.it\/news\/wp-json\/wp\/v2\/posts\/175777","targetHints":{"allow":["GET"]}}],"collection":[{"href":"https:\/\/www.radioluna.it\/news\/wp-json\/wp\/v2\/posts"}],"about":[{"href":"https:\/\/www.radioluna.it\/news\/wp-json\/wp\/v2\/types\/post"}],"author":[{"embeddable":true,"href":"https:\/\/www.radioluna.it\/news\/wp-json\/wp\/v2\/users\/62"}],"replies":[{"embeddable":true,"href":"https:\/\/www.radioluna.it\/news\/wp-json\/wp\/v2\/comments?post=175777"}],"version-history":[{"count":0,"href":"https:\/\/www.radioluna.it\/news\/wp-json\/wp\/v2\/posts\/175777\/revisions"}],"wp:featuredmedia":[{"embeddable":true,"href":"https:\/\/www.radioluna.it\/news\/wp-json\/wp\/v2\/media\/175778"}],"wp:attachment":[{"href":"https:\/\/www.radioluna.it\/news\/wp-json\/wp\/v2\/media?parent=175777"}],"wp:term":[{"taxonomy":"category","embeddable":true,"href":"https:\/\/www.radioluna.it\/news\/wp-json\/wp\/v2\/categories?post=175777"},{"taxonomy":"post_tag","embeddable":true,"href":"https:\/\/www.radioluna.it\/news\/wp-json\/wp\/v2\/tags?post=175777"}],"curies":[{"name":"wp","href":"https:\/\/api.w.org\/{rel}","templated":true}]}}