{"id":175828,"date":"2016-03-23T17:07:31","date_gmt":"2016-03-23T16:07:31","guid":{"rendered":"http:\/\/www.radioluna.it\/news\/?p=175828"},"modified":"2016-03-23T17:07:31","modified_gmt":"2016-03-23T16:07:31","slug":"scuola-per-la-zuliani-serve-una-consulta-specifica","status":"publish","type":"post","link":"https:\/\/www.radioluna.it\/news\/2016\/03\/scuola-per-la-zuliani-serve-una-consulta-specifica\/","title":{"rendered":"Scuola, per la Zuliani serve una consulta specifica"},"content":{"rendered":"<div id=\"fb-root\"><\/div>\n<div id=\"attachment_153643\" style=\"width: 645px\" class=\"wp-caption aligncenter\"><a href=\"http:\/\/www.radioluna.it\/news\/wp-content\/uploads\/2014\/08\/zuliani2.jpg\"><img loading=\"lazy\" decoding=\"async\" aria-describedby=\"caption-attachment-153643\" class=\"size-thumbnail wp-image-153643\" src=\"http:\/\/www.radioluna.it\/news\/wp-content\/uploads\/2014\/08\/zuliani2-635x952.jpg\" alt=\"Nicoletta Zuliani\" width=\"635\" height=\"952\" srcset=\"https:\/\/www.radioluna.it\/news\/wp-content\/uploads\/2014\/08\/zuliani2-635x952.jpg 635w, https:\/\/www.radioluna.it\/news\/wp-content\/uploads\/2014\/08\/zuliani2-768x1152.jpg 768w, https:\/\/www.radioluna.it\/news\/wp-content\/uploads\/2014\/08\/zuliani2-683x1024.jpg 683w, https:\/\/www.radioluna.it\/news\/wp-content\/uploads\/2014\/08\/zuliani2-500x750.jpg 500w, https:\/\/www.radioluna.it\/news\/wp-content\/uploads\/2014\/08\/zuliani2-200x300.jpg 200w, https:\/\/www.radioluna.it\/news\/wp-content\/uploads\/2014\/08\/zuliani2-800x1200.jpg 800w, https:\/\/www.radioluna.it\/news\/wp-content\/uploads\/2014\/08\/zuliani2.jpg 852w\" sizes=\"auto, (max-width: 635px) 100vw, 635px\" \/><\/a><p id=\"caption-attachment-153643\" class=\"wp-caption-text\">Nicoletta Zuliani<\/p><\/div>\n<p style=\"text-align: justify;\"><strong>LATINA &#8211;<\/strong> Nicoletta Zuliani, candidata con il Partito Democratico per Enrico Forte sindaco, interviene sul tema della scuola. L&#8217;esponente democratica sostiene la necessit\u00e0 dell&#8217;avvio di una consulta specifica per la scuola. Un organismo che andrebbe soltanto attivato dal Comune di Latina, visto che nella scorsa consiliatura la sua istituzione era stata approvata in sede di Consiglio proprio su proposta del Pd, ma senza seguito.<\/p>\n<p style=\"text-align: justify;\">\u201c\u00c8 questo il luogo deputato alla discussione e alla progettazione \u2013 afferma Zuliani \u2013 In questa sede infatti devono essere coinvolte tutte le parti che concorrono al processo formativo dei nostri bambini e ragazzi: genitori, scuole, associazioni. Attraverso una consulta di questo tipo sarebbe anche possibile prevenire, operare e rettificare gli interventi ritenuti necessari ed in concertazione con tutte le parti. Solo una scuola alleata con le famiglie e le famiglie alleate con la scuola possono fare da scudo alle intemperie sociali e valoriali che rischierebbero di travolgere un fragile raccolto che rappresenta tutto ci\u00f2 che abbiamo\u201d.<\/p>\n<p style=\"text-align: justify;\">Il riferimento di Zuliani \u00e8 anche rivolto alla pesante situazione che si \u00e8 verificata nella scuola di Piazza Dante nei giorni scorsi.<\/p>\n<p>&nbsp;<\/p>\n<p style=\"text-align: justify;\">\u201cSe arrivassimo al punto di mettere le telecamere in aula, la scuola, in quanto luogo ed espressione di una &#8220;comunit\u00e0 educante&#8221;, avrebbe miseramente fallito. Luoghi come la scuola devono infondere rispetto, fiducia e tutti quegli alti valori senza i quali una societ\u00e0 sarebbe solo un recinto di bestie. Una profonda autocritica da parte delle singole scuole sarebbe un semplice e dovuto atto di onest\u00e0: tutto il resto &#8211; diritti dei lavoratori, contratti, organismi e modalit\u00e0 di valutazione, graduatorie ed altri temi &#8211; pu\u00f2 essere discusso, ma assolutamente prioritaria \u00e8 la tutela e la serenit\u00e0 dei bambini affidati alla pubblica istituzione. Ecco perch\u00e9 occorre ricostruire, qualora mancasse, una vera alleanza educativa da parte delle famiglie e dell&#8217;istituzione scolastica mettendoci dentro anche tutte quelle associazioni che si occupano di educazione, di prevenzione del disagio, di formazione, perch\u00e9 la comunit\u00e0 educante inevitabilmente esce dai confini della famiglia e della scuola\u201d.<\/p>\n<p style=\"text-align: justify;\">Da qui la porposta di aprire le scuole anche per tutto il pomeriggio, durante tutta la settimana, lasciandole a disposizione delle associazioni che, direttamente sul territorio, possano accompagnare i ragazzi in percorsi sportivi, musicali, ricreativi, e creativi per una crescita armonica.<\/p>\n<p style=\"text-align: justify;\">\n<p style=\"text-align: justify;\">\u201cA questo punto \u00e8 importante \u2013 sottolinea ancora Zuliani &#8211; che il regista di questa comunit\u00e0 educante sia un bravo regista: bisogna dare risposte alle famiglie che si trovano in momenti di forte criticit\u00e0 nella gestione dei bambini e degli adolescenti per fornire i supporti necessari attraverso attivit\u00e0 di counseling per i genitori e attivit\u00e0 extra scolastiche per i ragazzi. Quel regista deve essere il Comune attraverso una azione di coordinamento e vigilanza, attraverso quella consulta che il Partito Democratico aveva proposto e contribuito ad approvare, ma che va attivata nell&#8217;ottica di una collaborazione scuola-famiglie costruttiva e serena\u201d<\/p>\n","protected":false},"excerpt":{"rendered":"<p>LATINA &#8211; Nicoletta Zuliani, candidata con il Partito Democratico per Enrico Forte sindaco, interviene sul tema della scuola. L&#8217;esponente democratica sostiene la necessit\u00e0 dell&#8217;avvio di una consulta specifica per la scuola. Un organismo che andrebbe soltanto attivato dal Comune di Latina, visto che nella scorsa consiliatura la sua istituzione era stata approvata in sede di [&hellip;]<\/p>\n","protected":false},"author":60,"featured_media":153643,"comment_status":"open","ping_status":"closed","sticky":false,"template":"","format":"standard","meta":{"footnotes":""},"categories":[8],"tags":[],"class_list":["post-175828","post","type-post","status-publish","format-standard","has-post-thumbnail","hentry","category-politica"],"_links":{"self":[{"href":"https:\/\/www.radioluna.it\/news\/wp-json\/wp\/v2\/posts\/175828","targetHints":{"allow":["GET"]}}],"collection":[{"href":"https:\/\/www.radioluna.it\/news\/wp-json\/wp\/v2\/posts"}],"about":[{"href":"https:\/\/www.radioluna.it\/news\/wp-json\/wp\/v2\/types\/post"}],"author":[{"embeddable":true,"href":"https:\/\/www.radioluna.it\/news\/wp-json\/wp\/v2\/users\/60"}],"replies":[{"embeddable":true,"href":"https:\/\/www.radioluna.it\/news\/wp-json\/wp\/v2\/comments?post=175828"}],"version-history":[{"count":0,"href":"https:\/\/www.radioluna.it\/news\/wp-json\/wp\/v2\/posts\/175828\/revisions"}],"wp:featuredmedia":[{"embeddable":true,"href":"https:\/\/www.radioluna.it\/news\/wp-json\/wp\/v2\/media\/153643"}],"wp:attachment":[{"href":"https:\/\/www.radioluna.it\/news\/wp-json\/wp\/v2\/media?parent=175828"}],"wp:term":[{"taxonomy":"category","embeddable":true,"href":"https:\/\/www.radioluna.it\/news\/wp-json\/wp\/v2\/categories?post=175828"},{"taxonomy":"post_tag","embeddable":true,"href":"https:\/\/www.radioluna.it\/news\/wp-json\/wp\/v2\/tags?post=175828"}],"curies":[{"name":"wp","href":"https:\/\/api.w.org\/{rel}","templated":true}]}}