{"id":175857,"date":"2016-03-24T11:10:30","date_gmt":"2016-03-24T10:10:30","guid":{"rendered":"http:\/\/www.radioluna.it\/news\/?p=175857"},"modified":"2016-03-24T16:55:35","modified_gmt":"2016-03-24T15:55:35","slug":"paura-sullappia-incidente-tra-due-auto-una-golf-prende-fuoco","status":"publish","type":"post","link":"https:\/\/www.radioluna.it\/news\/2016\/03\/paura-sullappia-incidente-tra-due-auto-una-golf-prende-fuoco\/","title":{"rendered":"Paura sull&#8217;Appia, incidente tra due auto, una Golf prende fuoco"},"content":{"rendered":"<div id=\"fb-root\"><\/div>\n<p style=\"text-align: justify;\"><a href=\"http:\/\/www.radioluna.it\/news\/wp-content\/uploads\/2016\/03\/GOLF-A-FUOCO.jpg\"><img loading=\"lazy\" decoding=\"async\" class=\"aligncenter size-thumbnail wp-image-175858\" src=\"http:\/\/www.radioluna.it\/news\/wp-content\/uploads\/2016\/03\/GOLF-A-FUOCO-689x689.jpg\" alt=\"GOLF A FUOCO\" width=\"689\" height=\"689\" srcset=\"https:\/\/www.radioluna.it\/news\/wp-content\/uploads\/2016\/03\/GOLF-A-FUOCO-689x689.jpg 689w, https:\/\/www.radioluna.it\/news\/wp-content\/uploads\/2016\/03\/GOLF-A-FUOCO-150x150.jpg 150w, https:\/\/www.radioluna.it\/news\/wp-content\/uploads\/2016\/03\/GOLF-A-FUOCO-768x768.jpg 768w, https:\/\/www.radioluna.it\/news\/wp-content\/uploads\/2016\/03\/GOLF-A-FUOCO-300x300.jpg 300w, https:\/\/www.radioluna.it\/news\/wp-content\/uploads\/2016\/03\/GOLF-A-FUOCO-500x500.jpg 500w, https:\/\/www.radioluna.it\/news\/wp-content\/uploads\/2016\/03\/GOLF-A-FUOCO-80x80.jpg 80w, https:\/\/www.radioluna.it\/news\/wp-content\/uploads\/2016\/03\/GOLF-A-FUOCO-50x50.jpg 50w, https:\/\/www.radioluna.it\/news\/wp-content\/uploads\/2016\/03\/GOLF-A-FUOCO-800x800.jpg 800w, https:\/\/www.radioluna.it\/news\/wp-content\/uploads\/2016\/03\/GOLF-A-FUOCO.jpg 864w\" sizes=\"auto, (max-width: 689px) 100vw, 689px\" \/><\/a><strong>LATINA<\/strong> &#8211; Paura questa mattina intorno alle 9,15 per un incidente avvenuto al km 70 dell&#8217;Appia nel comune di Latina tra una Golf e una Mercedes Classe A. Dopo l&#8217;impatto avvenuto per cause da chiarire la Golf si \u00e8 incendiata. L&#8217;auto \u00e8 andata distrutta. Sul posto sono intervenuti i vigili del fuoco. L&#8217;Appia \u00e8 rimasta bloccata per consentire le operazioni di emergenza. Feriti in maniera non grave i conducenti.<\/p>\n<div class=\"radio-posizionamento-telefono-in-articoli-dopo-il-contenuto-articolo radio-entity-placement\" id=\"radio-428720694\"><div id=\"radio-6110817\"><a href=\"https:\/\/www.simeoneceramiche.com\/\" aria-label=\"SIMEONE CERAMICHE GIF animata per radioluna_Tavola disegno 1 copia 2 (online-video-cutter.com)\"><img loading=\"lazy\" decoding=\"async\" src=\"https:\/\/www.radioluna.it\/news\/wp-content\/uploads\/2025\/05\/SIMEONE-CERAMICHE-GIF-animata-per-radioluna_Tavola-disegno-1-copia-2-online-video-cutter.com_.gif\" alt=\"\"  width=\"300\" height=\"250\"   \/><\/a><\/div><\/div>","protected":false},"excerpt":{"rendered":"<p>LATINA &#8211; Paura questa mattina intorno alle 9,15 per un incidente avvenuto al km 70 dell&#8217;Appia nel comune di Latina tra una Golf e una Mercedes Classe A. Dopo l&#8217;impatto avvenuto per cause da chiarire la Golf si \u00e8 incendiata. L&#8217;auto \u00e8 andata distrutta. Sul posto sono intervenuti i vigili del fuoco. L&#8217;Appia \u00e8 rimasta [&hellip;]<\/p>\n","protected":false},"author":62,"featured_media":175859,"comment_status":"open","ping_status":"closed","sticky":false,"template":"","format":"standard","meta":{"footnotes":""},"categories":[7],"tags":[],"class_list":["post-175857","post","type-post","status-publish","format-standard","has-post-thumbnail","hentry","category-cronaca"],"_links":{"self":[{"href":"https:\/\/www.radioluna.it\/news\/wp-json\/wp\/v2\/posts\/175857","targetHints":{"allow":["GET"]}}],"collection":[{"href":"https:\/\/www.radioluna.it\/news\/wp-json\/wp\/v2\/posts"}],"about":[{"href":"https:\/\/www.radioluna.it\/news\/wp-json\/wp\/v2\/types\/post"}],"author":[{"embeddable":true,"href":"https:\/\/www.radioluna.it\/news\/wp-json\/wp\/v2\/users\/62"}],"replies":[{"embeddable":true,"href":"https:\/\/www.radioluna.it\/news\/wp-json\/wp\/v2\/comments?post=175857"}],"version-history":[{"count":0,"href":"https:\/\/www.radioluna.it\/news\/wp-json\/wp\/v2\/posts\/175857\/revisions"}],"wp:featuredmedia":[{"embeddable":true,"href":"https:\/\/www.radioluna.it\/news\/wp-json\/wp\/v2\/media\/175859"}],"wp:attachment":[{"href":"https:\/\/www.radioluna.it\/news\/wp-json\/wp\/v2\/media?parent=175857"}],"wp:term":[{"taxonomy":"category","embeddable":true,"href":"https:\/\/www.radioluna.it\/news\/wp-json\/wp\/v2\/categories?post=175857"},{"taxonomy":"post_tag","embeddable":true,"href":"https:\/\/www.radioluna.it\/news\/wp-json\/wp\/v2\/tags?post=175857"}],"curies":[{"name":"wp","href":"https:\/\/api.w.org\/{rel}","templated":true}]}}