{"id":175864,"date":"2016-03-24T12:58:15","date_gmt":"2016-03-24T11:58:15","guid":{"rendered":"http:\/\/www.radioluna.it\/news\/?p=175864"},"modified":"2016-03-25T12:18:43","modified_gmt":"2016-03-25T11:18:43","slug":"allacciatevi-le-cinture-decolla-comfly-lazienda-aeronautica-che-sfida-la-crisi","status":"publish","type":"post","link":"https:\/\/www.radioluna.it\/news\/2016\/03\/allacciatevi-le-cinture-decolla-comfly-lazienda-aeronautica-che-sfida-la-crisi\/","title":{"rendered":"Allacciate le cinture, decolla ComFly, l&#8217;azienda aeronautica che sfida la crisi"},"content":{"rendered":"<div id=\"fb-root\"><\/div>\n<div id=\"attachment_175866\" style=\"width: 699px\" class=\"wp-caption aligncenter\"><a href=\"http:\/\/www.radioluna.it\/news\/wp-content\/uploads\/2016\/03\/IMG-20160324-WA0006.jpg\"><img loading=\"lazy\" decoding=\"async\" aria-describedby=\"caption-attachment-175866\" class=\"wp-image-175866 size-thumbnail\" src=\"http:\/\/www.radioluna.it\/news\/wp-content\/uploads\/2016\/03\/IMG-20160324-WA0006-689x458.jpg\" alt=\"IMG-20160324-WA0006\" width=\"689\" height=\"458\" srcset=\"https:\/\/www.radioluna.it\/news\/wp-content\/uploads\/2016\/03\/IMG-20160324-WA0006-689x458.jpg 689w, https:\/\/www.radioluna.it\/news\/wp-content\/uploads\/2016\/03\/IMG-20160324-WA0006-768x511.jpg 768w, https:\/\/www.radioluna.it\/news\/wp-content\/uploads\/2016\/03\/IMG-20160324-WA0006-500x333.jpg 500w, https:\/\/www.radioluna.it\/news\/wp-content\/uploads\/2016\/03\/IMG-20160324-WA0006-600x400.jpg 600w, https:\/\/www.radioluna.it\/news\/wp-content\/uploads\/2016\/03\/IMG-20160324-WA0006-300x200.jpg 300w, https:\/\/www.radioluna.it\/news\/wp-content\/uploads\/2016\/03\/IMG-20160324-WA0006-1024x681.jpg 1024w, https:\/\/www.radioluna.it\/news\/wp-content\/uploads\/2016\/03\/IMG-20160324-WA0006-800x532.jpg 800w, https:\/\/www.radioluna.it\/news\/wp-content\/uploads\/2016\/03\/IMG-20160324-WA0006.jpg 1000w\" sizes=\"auto, (max-width: 689px) 100vw, 689px\" \/><\/a><p id=\"caption-attachment-175866\" class=\"wp-caption-text\">Il Ceo Mario Schisa<\/p><\/div>\n<p style=\"text-align: justify;\"><strong>LATINA<\/strong> &#8211; Allacciatevi le cinture, ComFly \u00e8 pronta al decollo. La nuova azienda di componentistica aeronautica si \u00e8 presentata oggi a Latina con un&#8217;idea che ha entusiasmato tanti e un piano industriale battagliero: &#8220;Il mercato aeronautico \u00a0\u00e8 in forte espansione e noi vogliamo esserci e recuperare le professionalit\u00e0 che qui gi\u00e0 ci sono e sono state disperse. Latina ha una base alta di competenze aeronautiche su cui contiamo&#8221;, spiega il Ceo Mario Schisa che ha lasciato lo scorso anno Aviointeriors, ma non il suo lavoro. E che questa mattina ha presentato l&#8217;azienda nata da una sinergia tra la FISA di Udine, marchio leader nel settore\u00a0della produzione di interni per treni e la DPG di Latina societ\u00e0 di design e\u00a0ingegneria nei settori aeronautici e ferroviari. Soci, Antonio Forcina e\u00a0Carmelo D\u2019Onofrio.<\/p>\n<div id=\"attachment_175869\" style=\"width: 310px\" class=\"wp-caption alignleft\"><a href=\"http:\/\/www.radioluna.it\/news\/wp-content\/uploads\/2016\/03\/IMG-20160324-WA0009.jpg\"><img loading=\"lazy\" decoding=\"async\" aria-describedby=\"caption-attachment-175869\" class=\"wp-image-175869 size-medium\" src=\"http:\/\/www.radioluna.it\/news\/wp-content\/uploads\/2016\/03\/IMG-20160324-WA0009-300x200.jpg\" alt=\"comfly\" width=\"300\" height=\"200\" srcset=\"https:\/\/www.radioluna.it\/news\/wp-content\/uploads\/2016\/03\/IMG-20160324-WA0009-300x200.jpg 300w, https:\/\/www.radioluna.it\/news\/wp-content\/uploads\/2016\/03\/IMG-20160324-WA0009-768x511.jpg 768w, https:\/\/www.radioluna.it\/news\/wp-content\/uploads\/2016\/03\/IMG-20160324-WA0009-500x333.jpg 500w, https:\/\/www.radioluna.it\/news\/wp-content\/uploads\/2016\/03\/IMG-20160324-WA0009-600x400.jpg 600w, https:\/\/www.radioluna.it\/news\/wp-content\/uploads\/2016\/03\/IMG-20160324-WA0009-1024x681.jpg 1024w, https:\/\/www.radioluna.it\/news\/wp-content\/uploads\/2016\/03\/IMG-20160324-WA0009-689x458.jpg 689w, https:\/\/www.radioluna.it\/news\/wp-content\/uploads\/2016\/03\/IMG-20160324-WA0009-800x532.jpg 800w, https:\/\/www.radioluna.it\/news\/wp-content\/uploads\/2016\/03\/IMG-20160324-WA0009.jpg 1000w\" sizes=\"auto, (max-width: 300px) 100vw, 300px\" \/><\/a><p id=\"caption-attachment-175869\" class=\"wp-caption-text\">Il prototipo realizzato a tempo di record e che andr\u00e0 alla fiera di Amburgo ha la caratteristica di essere easy, ma con una base pi\u00f9 larga<\/p><\/div>\n<p style=\"text-align: justify;\">Davanti a circa cento persone riunite nella sala al 37\u00b0 piano della Torre Pontina, sono state illustrate le tappe del percorso che si avvia senza una sede fisica: &#8220;Ci presenteremo subito al mercato mondiale, ad Amburgo i primi di aprile, \u00a0con un prodotto che oggi vi mostriamo e da cui ci aspettiamo un buon feedback. Contiamo \u00a0di prendere un ordine importante. A quel punto cercheremo a Latina uno stabilimento per l&#8217;assemblaggio mentre la produzione la faremo con l&#8217;indotto esterno. Lo stabilimento arriver\u00e0, pensiamo per a fine anno&#8221;.<\/p>\n<p style=\"text-align: justify;\">&#8220;La scelta del nome non \u00e8 casuale Com sta per &#8220;Comfort&#8221; e fly per &#8220;Flight&#8221;, un volo confortevole, \u00e8 questo il nostro obiettivo. E anche la scelta della immagine che ci rappresenter\u00e0 \u00e8 stata studiata: un bambino che guarda verso il futuro da un aereo, anche questo \u00e8 il nostro obiettivo&#8221;.<\/p>\n<p style=\"text-align: justify;\">Un riscatto per gli operai del settore, soprattutto gli ex Meccano mandati a casa da Avio Interiors, in presidio da oltre un&#8217;anno sull&#8217;Appia e che non hanno mai smesso di ripetere: &#8220;Licenziamento ingiusto, perch\u00e9 il lavoro e le commesse ci sono&#8221;. Se le promesse saranno mantenute, &#8220;da qui a tre anni \u00a0&#8211; ha detto Schisa &#8211; saranno assunte 350 persone. Ingegneri, certification manager e operai. Noi ci crediamo&#8221;. Schisa ha reso noto che il Ministro Poletti ha gi\u00e0 visionato il progetto e lo ha sposato. &#8220;Non ci servono al momento soldi pubblici, gli imprenditori siamo noi e investiamo. Gli Enti, le istituzioni pontine e i politici potrebbero aiutarci nella ricerca del capannone industriale che deve essere di almeno 5000 metri quadri&#8221;.<\/p>\n<p style=\"text-align: justify;\">Ascolta il Ceo Schisa al microfono di Francesca Balestrieri<\/p>\n<audio class=\"wp-audio-shortcode\" id=\"audio-175864-1\" preload=\"none\" style=\"width: 100%;\" controls=\"controls\"><source type=\"audio\/mpeg\" src=\"http:\/\/www.radioluna.it\/news\/wp-content\/uploads\/2016\/03\/schisa-per-sito.mp3?_=1\" \/><a href=\"http:\/\/www.radioluna.it\/news\/wp-content\/uploads\/2016\/03\/schisa-per-sito.mp3\">http:\/\/www.radioluna.it\/news\/wp-content\/uploads\/2016\/03\/schisa-per-sito.mp3<\/a><\/audio>\n<p>Tutto nasce da una startup, ha spiegato uno dei soci, Antonio Forcina<\/p>\n<audio class=\"wp-audio-shortcode\" id=\"audio-175864-2\" preload=\"none\" style=\"width: 100%;\" controls=\"controls\"><source type=\"audio\/mpeg\" src=\"http:\/\/www.radioluna.it\/news\/wp-content\/uploads\/2016\/03\/forcina-per-sito.mp3?_=2\" \/><a href=\"http:\/\/www.radioluna.it\/news\/wp-content\/uploads\/2016\/03\/forcina-per-sito.mp3\">http:\/\/www.radioluna.it\/news\/wp-content\/uploads\/2016\/03\/forcina-per-sito.mp3<\/a><\/audio>\n<p align=\"JUSTIFY\">I NUMERI &#8211; \u00a0ComFly ha previsto un investimento iniziale di due milioni di euro, lo stabilimento occuper\u00e0 a regime circa centocinquanta persone e altre duecento saranno occupate nell\u2019indotto locale. Ma sono i dati complessivi che rivelano quanto sia significativa l\u2019incidenza del settore nell\u2019economia di questo territorio: il fatturato complessivo sfiora i duecento milioni di euro, gli addetti superano le ottocento unit\u00e0. E se il mercato mondiale delle poltrone oggi vale tra i quattro e i cinque miliardi di euro, nei prossimi dieci anni \u00e8 destinato a crescere vertiginosamente. \u201cAssisteremo a incrementi di quattro-cinque punti percentuali ogni anno \u2013 sostiene Schisa &#8211; si passer\u00e0 da trentamila circa a sessantamila aeromobili. E noi vogliamo recitare la nostra parte.\u00a0Tra gli obiettivi di ComFly c\u2019\u00e8 anche quello di diventare una risorsa per il territorio. Vogliamo legarci alla citt\u00e0 di Latina, alla sua gente, alle sue professionalit\u00e0\u201d.<\/p>\n<p style=\"text-align: justify;\">LA POLTRONA &#8211; ComFly punta su un\u2019idea semplice ma innovativa. Non pi\u00f9 ricerca estrema di sperimentazione tecnologica per la riduzione di peso e di spazio delle poltrone ma un approccio completamente diverso: realizzare il prodotto in piena sintonia con la compagnia aerea, modellando e personalizzando ogni dettaglio. \u201cOne project, one Customer\u201d potrebbe essere lo slogan di quella che in ComFly hanno gi\u00e0 scelto come linea di indirizzo generale: realizzare prodotti con altissima caratterizzazione, per seguire un cliente alla volta, ma dall\u2019inizio alla fine.<\/p>\n<p style=\"text-align: justify;\">IL PLAUSO &#8211; &#8220;Il progetto presentato oggi dalla societ\u00e0 ComFly rappresenta una opportunit\u00e0 per i lavoratori Meccano impegnati in un lunghissimo presidio e in ormai pi\u00f9 di dieci anni di battaglie. Un impegno vivo, concreto, che non si \u00e8 mai affievolito e che ha cercato, con forza, di chiedere chiarezza sul piano di reindustrializzazione Meccano senza dimenticare l&#8217;esigenza di trovare un&#8217;alternativa concreta per la loro vita e la loro professionalit\u00e0. Mi auguro, soprattutto dopo che ho avuto modo di vedere e toccare con mano il loro entusiasmo, che la risposta a tanti anni di battaglie possa essere il progetto presentato oggi dalla societ\u00e0 ComFly. A loro, ai lavoratori della Meccano, va il mio personale sostegno e quello dell&#8217;amministrazione e sono certa di tutti i cittadini di Cisterna. Mentre siamo impegnati nel tentativo di comprendere cosa si accaduto, davvero, dopo anni di abbandono sul sito della ex Goodyear, quella di oggi \u00e8 certamente una buona notizia&#8221;. Questa la dichiarazione del sindaco di Cisterna e presidente della Provincia Eleonora Della Penna.<\/p>\n<div class=\"radio-posizionamento-telefono-in-articoli-dopo-il-contenuto-articolo radio-entity-placement\" id=\"radio-2484410120\"><div id=\"radio-581347840\" style=\"width: 300px;height: 250px;\"><a href=\"https:\/\/www.icarspa.it\/auto\/usate\/latina\/\" aria-label=\"banner aprile icar new life &#8211; auto usate latina\"><img loading=\"lazy\" decoding=\"async\" src=\"https:\/\/www.radioluna.it\/news\/wp-content\/uploads\/2026\/02\/banner-aprile-icar-new-life-auto-usate-latina.gif\" alt=\"\"  width=\"300\" height=\"250\"   \/><\/a><\/div><\/div>","protected":false},"excerpt":{"rendered":"<p>LATINA &#8211; Allacciatevi le cinture, ComFly \u00e8 pronta al decollo. La nuova azienda di componentistica aeronautica si \u00e8 presentata oggi a Latina con un&#8217;idea che ha entusiasmato tanti e un piano industriale battagliero: &#8220;Il mercato aeronautico \u00a0\u00e8 in forte espansione e noi vogliamo esserci e recuperare le professionalit\u00e0 che qui gi\u00e0 ci sono e sono [&hellip;]<\/p>\n","protected":false},"author":62,"featured_media":175870,"comment_status":"open","ping_status":"closed","sticky":false,"template":"","format":"standard","meta":{"footnotes":""},"categories":[2310],"tags":[],"class_list":["post-175864","post","type-post","status-publish","format-standard","has-post-thumbnail","hentry","category-audio"],"_links":{"self":[{"href":"https:\/\/www.radioluna.it\/news\/wp-json\/wp\/v2\/posts\/175864","targetHints":{"allow":["GET"]}}],"collection":[{"href":"https:\/\/www.radioluna.it\/news\/wp-json\/wp\/v2\/posts"}],"about":[{"href":"https:\/\/www.radioluna.it\/news\/wp-json\/wp\/v2\/types\/post"}],"author":[{"embeddable":true,"href":"https:\/\/www.radioluna.it\/news\/wp-json\/wp\/v2\/users\/62"}],"replies":[{"embeddable":true,"href":"https:\/\/www.radioluna.it\/news\/wp-json\/wp\/v2\/comments?post=175864"}],"version-history":[{"count":0,"href":"https:\/\/www.radioluna.it\/news\/wp-json\/wp\/v2\/posts\/175864\/revisions"}],"wp:featuredmedia":[{"embeddable":true,"href":"https:\/\/www.radioluna.it\/news\/wp-json\/wp\/v2\/media\/175870"}],"wp:attachment":[{"href":"https:\/\/www.radioluna.it\/news\/wp-json\/wp\/v2\/media?parent=175864"}],"wp:term":[{"taxonomy":"category","embeddable":true,"href":"https:\/\/www.radioluna.it\/news\/wp-json\/wp\/v2\/categories?post=175864"},{"taxonomy":"post_tag","embeddable":true,"href":"https:\/\/www.radioluna.it\/news\/wp-json\/wp\/v2\/tags?post=175864"}],"curies":[{"name":"wp","href":"https:\/\/api.w.org\/{rel}","templated":true}]}}