{"id":175912,"date":"2016-03-25T20:37:09","date_gmt":"2016-03-25T19:37:09","guid":{"rendered":"http:\/\/www.radioluna.it\/news\/?p=175912"},"modified":"2016-03-26T07:53:59","modified_gmt":"2016-03-26T06:53:59","slug":"processo-dont-touch-la-difesa-presenta-una-nuova-richiesta-di-ricusazione","status":"publish","type":"post","link":"https:\/\/www.radioluna.it\/news\/2016\/03\/processo-dont-touch-la-difesa-presenta-una-nuova-richiesta-di-ricusazione\/","title":{"rendered":"Prende il via il processo Don&#8217;t Touch, respinta l&#8217;eccezione delle difese contro il giudice Artuso"},"content":{"rendered":"<div id=\"fb-root\"><\/div>\n<p style=\"text-align: justify;\"><a href=\"http:\/\/www.radioluna.it\/news\/wp-content\/uploads\/2016\/03\/pierfrancesco-de-angelis.jpg\"><img loading=\"lazy\" decoding=\"async\" class=\"aligncenter size-thumbnail wp-image-175913\" src=\"http:\/\/www.radioluna.it\/news\/wp-content\/uploads\/2016\/03\/pierfrancesco-de-angelis-689x457.jpg\" alt=\"pierfrancesco de angelis\" width=\"689\" height=\"457\" srcset=\"https:\/\/www.radioluna.it\/news\/wp-content\/uploads\/2016\/03\/pierfrancesco-de-angelis-689x457.jpg 689w, https:\/\/www.radioluna.it\/news\/wp-content\/uploads\/2016\/03\/pierfrancesco-de-angelis-768x510.jpg 768w, https:\/\/www.radioluna.it\/news\/wp-content\/uploads\/2016\/03\/pierfrancesco-de-angelis-500x332.jpg 500w, https:\/\/www.radioluna.it\/news\/wp-content\/uploads\/2016\/03\/pierfrancesco-de-angelis-300x199.jpg 300w, https:\/\/www.radioluna.it\/news\/wp-content\/uploads\/2016\/03\/pierfrancesco-de-angelis.jpg 800w\" sizes=\"auto, (max-width: 689px) 100vw, 689px\" \/><\/a><strong>LATINA<\/strong> &#8211; Nuova udienza questa mattina per il processo Don&#8217;t Touch. In aula, davanti al collegio penale del Tribunale di Latina presieduto dal giudice \u00a0Pierfrancesco De Angelis, le difese hanno sollevato un&#8217;eccezione \u00a0relativa alla composizione del collegio, eccezione che \u00e8 stata respinta. In pratica i difensori degli imputati chiedevano la ricusazione del giudice a latere Silvia Artuso che in precedenza, in sede di Riesame, si era pronunciata su un sequestro di beni in relazione ad uno degli imputati. Dopo la camera di consiglio la riserva \u00e8 stata sciolta e il processo ha potuto avere inizio.\u00a0Il\u00a0<span style=\"font-family: Arial, Helvetica, sans-serif;\"><span style=\"font-size: medium;\"><span style=\"color: #333333;\"><span style=\"font-family: Georgia, 'Times New Roman', 'Bitstream Charter', Times, serif;\"><span style=\"font-size: medium;\">collegio ha affidato l&#8217;incarico a tre periti di trascrivere le intercettazioni telefoniche e ha calendarizzato il processo che si concluder\u00e0 il 17 giugno. Saranno quasi 200 i testi tra accusa e difesa. C&#8217;\u00e8 da aggiungere che \u00e8 stata depositata in Corte d&#8217;Appello una richiesta di ricusazione del giudice Artuso.\u00a0<\/span><\/span><\/span><\/span><\/span><\/p>\n<p style=\"text-align: justify;\">Nella prima udienza del processo che vede imputate 9 persone considerate parte di un&#8217;organizzazione criminale operante a Latina che si finanziava con lo spaccio di droga, l&#8217;usura e le estorsioni, \u00a0si era registrata l&#8217;astensione del giudice Iansiti, il magistrato che anni fa \u00e8 stato parte lesa in un processo contro Costantino Di Silvio detto Cha Cha uno dei principali imputati di Don&#8217;t Touch, \u00a0gi\u00e0 condannato per gli spari contro l&#8217;auto del giudice.<\/p>\n<div class=\"radio-posizionamento-telefono-in-articoli-dopo-il-contenuto-articolo radio-entity-placement\" id=\"radio-2658890609\"><div id=\"radio-2909228289\"><a href=\"https:\/\/grupporedi.it\/\" aria-label=\"Redi-Qr\"><img loading=\"lazy\" decoding=\"async\" src=\"https:\/\/www.radioluna.it\/news\/wp-content\/uploads\/2026\/03\/Redi-Qr.jpg\" alt=\"\"  srcset=\"https:\/\/www.radioluna.it\/news\/wp-content\/uploads\/2026\/03\/Redi-Qr.jpg 800w, https:\/\/www.radioluna.it\/news\/wp-content\/uploads\/2026\/03\/Redi-Qr-768x639.jpg 768w\" sizes=\"(max-width: 800px) 100vw, 800px\" width=\"300\" height=\"250\"   \/><\/a><\/div><\/div>","protected":false},"excerpt":{"rendered":"<p>LATINA &#8211; Nuova udienza questa mattina per il processo Don&#8217;t Touch. In aula, davanti al collegio penale del Tribunale di Latina presieduto dal giudice \u00a0Pierfrancesco De Angelis, le difese hanno sollevato un&#8217;eccezione \u00a0relativa alla composizione del collegio, eccezione che \u00e8 stata respinta. In pratica i difensori degli imputati chiedevano la ricusazione del giudice a latere [&hellip;]<\/p>\n","protected":false},"author":62,"featured_media":175913,"comment_status":"open","ping_status":"closed","sticky":false,"template":"","format":"standard","meta":{"footnotes":""},"categories":[7],"tags":[],"class_list":["post-175912","post","type-post","status-publish","format-standard","has-post-thumbnail","hentry","category-cronaca"],"_links":{"self":[{"href":"https:\/\/www.radioluna.it\/news\/wp-json\/wp\/v2\/posts\/175912","targetHints":{"allow":["GET"]}}],"collection":[{"href":"https:\/\/www.radioluna.it\/news\/wp-json\/wp\/v2\/posts"}],"about":[{"href":"https:\/\/www.radioluna.it\/news\/wp-json\/wp\/v2\/types\/post"}],"author":[{"embeddable":true,"href":"https:\/\/www.radioluna.it\/news\/wp-json\/wp\/v2\/users\/62"}],"replies":[{"embeddable":true,"href":"https:\/\/www.radioluna.it\/news\/wp-json\/wp\/v2\/comments?post=175912"}],"version-history":[{"count":0,"href":"https:\/\/www.radioluna.it\/news\/wp-json\/wp\/v2\/posts\/175912\/revisions"}],"wp:featuredmedia":[{"embeddable":true,"href":"https:\/\/www.radioluna.it\/news\/wp-json\/wp\/v2\/media\/175913"}],"wp:attachment":[{"href":"https:\/\/www.radioluna.it\/news\/wp-json\/wp\/v2\/media?parent=175912"}],"wp:term":[{"taxonomy":"category","embeddable":true,"href":"https:\/\/www.radioluna.it\/news\/wp-json\/wp\/v2\/categories?post=175912"},{"taxonomy":"post_tag","embeddable":true,"href":"https:\/\/www.radioluna.it\/news\/wp-json\/wp\/v2\/tags?post=175912"}],"curies":[{"name":"wp","href":"https:\/\/api.w.org\/{rel}","templated":true}]}}