{"id":175915,"date":"2016-03-25T13:05:11","date_gmt":"2016-03-25T12:05:11","guid":{"rendered":"http:\/\/www.radioluna.it\/news\/?p=175915"},"modified":"2016-03-25T13:05:11","modified_gmt":"2016-03-25T12:05:11","slug":"pasqua-di-protesta-per-le-coop-di-terracina-cisterna-e-formia","status":"publish","type":"post","link":"https:\/\/www.radioluna.it\/news\/2016\/03\/pasqua-di-protesta-per-le-coop-di-terracina-cisterna-e-formia\/","title":{"rendered":"Pasqua di protesta per le coop di Terracina, Cisterna e Formia"},"content":{"rendered":"<div id=\"fb-root\"><\/div>\n<p style=\"text-align: justify;\"><strong><a href=\"http:\/\/www.radioluna.it\/news\/wp-content\/uploads\/2016\/03\/coop.jpg\"><img loading=\"lazy\" decoding=\"async\" class=\"aligncenter size-full wp-image-175916\" src=\"http:\/\/www.radioluna.it\/news\/wp-content\/uploads\/2016\/03\/coop.jpg\" alt=\"coop\" width=\"567\" height=\"448\" srcset=\"https:\/\/www.radioluna.it\/news\/wp-content\/uploads\/2016\/03\/coop.jpg 567w, https:\/\/www.radioluna.it\/news\/wp-content\/uploads\/2016\/03\/coop-500x395.jpg 500w, https:\/\/www.radioluna.it\/news\/wp-content\/uploads\/2016\/03\/coop-300x237.jpg 300w\" sizes=\"auto, (max-width: 567px) 100vw, 567px\" \/><\/a>TERRACINA &#8211;<\/strong>\u00a0Domani serrande abbassate per i supermercati Coop di Cisterna Formia e Terracina e per quelli di , Fiuggi e Frosinone. La protesta \u00e8 contro la cessione dei cinque punti vendita in franchising.<\/p>\n<p style=\"text-align: justify;\">&#8220;Alle prime difficolt\u00e0 Coop abbandona il sud Lazio, alla faccia dei 18500 soci consumatori del territorio. Si vanno a far benedire anche gli sbandierati discorsi di mutualit\u00e0, socialit\u00e0 e solidariet\u00e0, che fanno parte della pubblicit\u00e0 del marchio &#8211; sottolineano in una nota congiunta i\u00a0segretari Giovanni Gioia, Claudia Baroncini, Gianfranco Cartisano &#8211; \u00a0A questo punto dobbiamo dire che si tratta solo di retorica e che, se i profitti calano, la Coop chiude e abbandona il campo. E&#8217; la prima volta che la pi\u00f9 grande catena di supermercati cede propri punti vendita ad operatori locali che li gestiranno in franchising. Un precedente pericoloso. Tanto che incassiamo la solidariet\u00e0 degli altri lavoratori del gruppo. E dire che la stessa Coop, in passato, aveva aspramente criticato questo tipo di operazioni, quando a farlo erano le aziende concorrenti&#8221;.<\/p>\n<p style=\"text-align: justify;\">Per questo on lo slogan \u201ctutti a Terracina\u201d e la \u201cCoop sei tu ma 5 negozi e 156 lavoratori non pi\u00f9\u201d domani, sabato 26 marzo, sfileranno per le vie di Terracina tutti i lavoratori dei cinque punti vendita. Un&#8217;ora di astensione dal lavoro \u00e8 stata proclamata per solidariet\u00e0 anche nelle altre regioni dove operano punti vendita della Coop: &#8220;Tutti uniti per ribadire \u201cno al franchising\u201d, \u201cno all\u2019abbandono dei nostri territori.\u00a0Non ci interessa tenere il marchio senza lavoratori, quindi chiediamo alla Coop di rimanere e dare garanzie rispetto ai livelli occupazionali e alle condizioni di lavoro dei dipendenti&#8221;.<\/p>\n<p style=\"text-align: justify;\">L\u2019appuntamento \u00e8 per le ore 9 in \u00a0Piazzale Matteotti (di fronte hotel Palace) a Terracina, per poi partire in corteo verso il piazzale della Coop dove si terr\u00e0 il comizio dei segretari di Filcams-Cgil, Fisascat-Cisl e Uiltucs-Uil.<\/p>\n<p style=\"text-align: justify;\">\n","protected":false},"excerpt":{"rendered":"<p>TERRACINA &#8211;\u00a0Domani serrande abbassate per i supermercati Coop di Cisterna Formia e Terracina e per quelli di , Fiuggi e Frosinone. La protesta \u00e8 contro la cessione dei cinque punti vendita in franchising. &#8220;Alle prime difficolt\u00e0 Coop abbandona il sud Lazio, alla faccia dei 18500 soci consumatori del territorio. Si vanno a far benedire anche [&hellip;]<\/p>\n","protected":false},"author":62,"featured_media":175916,"comment_status":"open","ping_status":"closed","sticky":false,"template":"","format":"standard","meta":{"footnotes":""},"categories":[11],"tags":[],"class_list":["post-175915","post","type-post","status-publish","format-standard","has-post-thumbnail","hentry","category-economia"],"_links":{"self":[{"href":"https:\/\/www.radioluna.it\/news\/wp-json\/wp\/v2\/posts\/175915","targetHints":{"allow":["GET"]}}],"collection":[{"href":"https:\/\/www.radioluna.it\/news\/wp-json\/wp\/v2\/posts"}],"about":[{"href":"https:\/\/www.radioluna.it\/news\/wp-json\/wp\/v2\/types\/post"}],"author":[{"embeddable":true,"href":"https:\/\/www.radioluna.it\/news\/wp-json\/wp\/v2\/users\/62"}],"replies":[{"embeddable":true,"href":"https:\/\/www.radioluna.it\/news\/wp-json\/wp\/v2\/comments?post=175915"}],"version-history":[{"count":0,"href":"https:\/\/www.radioluna.it\/news\/wp-json\/wp\/v2\/posts\/175915\/revisions"}],"wp:featuredmedia":[{"embeddable":true,"href":"https:\/\/www.radioluna.it\/news\/wp-json\/wp\/v2\/media\/175916"}],"wp:attachment":[{"href":"https:\/\/www.radioluna.it\/news\/wp-json\/wp\/v2\/media?parent=175915"}],"wp:term":[{"taxonomy":"category","embeddable":true,"href":"https:\/\/www.radioluna.it\/news\/wp-json\/wp\/v2\/categories?post=175915"},{"taxonomy":"post_tag","embeddable":true,"href":"https:\/\/www.radioluna.it\/news\/wp-json\/wp\/v2\/tags?post=175915"}],"curies":[{"name":"wp","href":"https:\/\/api.w.org\/{rel}","templated":true}]}}