{"id":175959,"date":"2016-03-28T20:27:53","date_gmt":"2016-03-28T18:27:53","guid":{"rendered":"http:\/\/www.radioluna.it\/news\/?p=175959"},"modified":"2016-03-29T14:08:52","modified_gmt":"2016-03-29T12:08:52","slug":"risale-in-barca-e-con-la-fiocina-ferisce-una-donna-incinta","status":"publish","type":"post","link":"https:\/\/www.radioluna.it\/news\/2016\/03\/risale-in-barca-e-con-la-fiocina-ferisce-una-donna-incinta\/","title":{"rendered":"Risale in barca e con la fiocina ferisce una donna incinta"},"content":{"rendered":"<div id=\"fb-root\"><\/div>\n<p><a href=\"http:\/\/www.radioluna.it\/news\/wp-content\/uploads\/2014\/12\/elicottero-118-in-decollo-dal-goretti.jpg\"><img loading=\"lazy\" decoding=\"async\" class=\"aligncenter size-thumbnail wp-image-158677\" src=\"http:\/\/www.radioluna.it\/news\/wp-content\/uploads\/2014\/12\/elicottero-118-in-decollo-dal-goretti-635x476.jpg\" alt=\"elicottero 118 in decollo dal goretti\" width=\"635\" height=\"476\" srcset=\"https:\/\/www.radioluna.it\/news\/wp-content\/uploads\/2014\/12\/elicottero-118-in-decollo-dal-goretti-635x476.jpg 635w, https:\/\/www.radioluna.it\/news\/wp-content\/uploads\/2014\/12\/elicottero-118-in-decollo-dal-goretti-768x576.jpg 768w, https:\/\/www.radioluna.it\/news\/wp-content\/uploads\/2014\/12\/elicottero-118-in-decollo-dal-goretti-500x375.jpg 500w, https:\/\/www.radioluna.it\/news\/wp-content\/uploads\/2014\/12\/elicottero-118-in-decollo-dal-goretti-300x225.jpg 300w, https:\/\/www.radioluna.it\/news\/wp-content\/uploads\/2014\/12\/elicottero-118-in-decollo-dal-goretti-1024x768.jpg 1024w, https:\/\/www.radioluna.it\/news\/wp-content\/uploads\/2014\/12\/elicottero-118-in-decollo-dal-goretti-800x600.jpg 800w, https:\/\/www.radioluna.it\/news\/wp-content\/uploads\/2014\/12\/elicottero-118-in-decollo-dal-goretti.jpg 1000w\" sizes=\"auto, (max-width: 635px) 100vw, 635px\" \/><\/a><\/p>\n<p style=\"text-align: justify;\"><strong>PONZA<\/strong> &#8211; Ha ferito una donna incinta con la fiocina mentre risaliva in barca. E&#8217; successo a Ponza a Cala dell&#8217;Acqua. La donna ferita \u00e8 stata trasportata in elicottero a Roma al San Camillo mentre il sub, un uomo di 47 anni del posto \u00e8 stato denunciato per\u00a0\u00a0lesioni colpose. Secondo una prima ricostruzione dei carabinieri, il pescatore che non aveva il pallone di segnalazione \u00e8 stato urtato dall&#8217;imbarcazione su cui viaggiavano la giovane donna e la sua famiglia. Ne \u00e8 nato un diverbio nel corso del quale dal fucile da sub, sembra in maniera accidentale, \u00e8 partita l&#8217;asta con il tridente che si \u00e8 conficcata nel torace della donna salvata dal giubbotto che indossava. Poi la corsa sull&#8217;isola e l&#8217;arrivo dell&#8217;eliambulanza del 118 che ha trasferito la paziente nel nosocomio romano. La donna \u00e8 stata dimessa a Pasquetta, il bambino sta bene.<\/p>\n<div class=\"radio-posizionamento-telefono-in-articoli-dopo-il-contenuto-articolo radio-entity-placement\" id=\"radio-3819173237\"><div id=\"radio-280634736\" style=\"width: 300px;height: 250px;\"><a href=\"https:\/\/www.icarspa.it\/auto\/usate\/latina\/\" aria-label=\"banner aprile icar new life &#8211; auto usate latina\"><img loading=\"lazy\" decoding=\"async\" src=\"https:\/\/www.radioluna.it\/news\/wp-content\/uploads\/2026\/02\/banner-aprile-icar-new-life-auto-usate-latina.gif\" alt=\"\"  width=\"300\" height=\"250\"   \/><\/a><\/div><\/div>","protected":false},"excerpt":{"rendered":"<p>PONZA &#8211; Ha ferito una donna incinta con la fiocina mentre risaliva in barca. E&#8217; successo a Ponza a Cala dell&#8217;Acqua. La donna ferita \u00e8 stata trasportata in elicottero a Roma al San Camillo mentre il sub, un uomo di 47 anni del posto \u00e8 stato denunciato per\u00a0\u00a0lesioni colpose. Secondo una prima ricostruzione dei carabinieri, [&hellip;]<\/p>\n","protected":false},"author":60,"featured_media":158677,"comment_status":"open","ping_status":"closed","sticky":false,"template":"","format":"standard","meta":{"footnotes":""},"categories":[735,7],"tags":[],"class_list":["post-175959","post","type-post","status-publish","format-standard","has-post-thumbnail","hentry","category-attualita","category-cronaca"],"_links":{"self":[{"href":"https:\/\/www.radioluna.it\/news\/wp-json\/wp\/v2\/posts\/175959","targetHints":{"allow":["GET"]}}],"collection":[{"href":"https:\/\/www.radioluna.it\/news\/wp-json\/wp\/v2\/posts"}],"about":[{"href":"https:\/\/www.radioluna.it\/news\/wp-json\/wp\/v2\/types\/post"}],"author":[{"embeddable":true,"href":"https:\/\/www.radioluna.it\/news\/wp-json\/wp\/v2\/users\/60"}],"replies":[{"embeddable":true,"href":"https:\/\/www.radioluna.it\/news\/wp-json\/wp\/v2\/comments?post=175959"}],"version-history":[{"count":0,"href":"https:\/\/www.radioluna.it\/news\/wp-json\/wp\/v2\/posts\/175959\/revisions"}],"wp:featuredmedia":[{"embeddable":true,"href":"https:\/\/www.radioluna.it\/news\/wp-json\/wp\/v2\/media\/158677"}],"wp:attachment":[{"href":"https:\/\/www.radioluna.it\/news\/wp-json\/wp\/v2\/media?parent=175959"}],"wp:term":[{"taxonomy":"category","embeddable":true,"href":"https:\/\/www.radioluna.it\/news\/wp-json\/wp\/v2\/categories?post=175959"},{"taxonomy":"post_tag","embeddable":true,"href":"https:\/\/www.radioluna.it\/news\/wp-json\/wp\/v2\/tags?post=175959"}],"curies":[{"name":"wp","href":"https:\/\/api.w.org\/{rel}","templated":true}]}}